{"id":9404,"date":"2015-02-13T20:17:42","date_gmt":"2015-02-13T19:17:42","guid":{"rendered":"http:\/\/fegrama.cat\/web\/?p=9404"},"modified":"2015-02-22T17:11:37","modified_gmt":"2015-02-22T16:11:37","slug":"mvp-jornada-7-i-8-de-febrer","status":"publish","type":"post","link":"https:\/\/fegrama.cat\/web\/mvp-jornada-7-i-8-de-febrer\/","title":{"rendered":"MVP jornada 7 i 8 de febrer"},"content":{"rendered":"<p style=\"text-align: center;\"><a href=\"https:\/\/fegrama.cat\/web\/wp-content\/uploads\/2015\/02\/mvp-num-2.jpg\"><img loading=\"lazy\" decoding=\"async\" class=\"aligncenter  wp-image-9408\" alt=\"mvp num 2\" src=\"https:\/\/fegrama.cat\/web\/wp-content\/uploads\/2015\/02\/mvp-num-2.jpg\" width=\"768\" height=\"302\" \/><\/a><\/p>\n<p>&nbsp;<\/p>\n<p>Enhorabona a Tatiana, Ariadna, Jordi, Javier, Brayan i Joel per haver aconseguir ser MVP en aquestes dues setmanes de concurs.<\/p>\n<p>Avui us expliquem exactament en qu\u00e8 consistir\u00e0 el concurs de l\u2019MVP 2014-2015, dient-vos que aquells que guanyeu en una setmana heu de fer m\u00e9s feina per final de temporada. Es a dir, a final de temporada demanarem a tots els guanyadors que ens envi\u00efn un video amb les millors jugades o un collage de fotos amb escenes de joc d\u2019aquesta temporada.<\/p>\n<p>Amb aquestes imatges obrirem una nova votaci\u00f3 per decidir qui \u00e9s l\u2019MVP 2014-2015 a la Fundaci\u00f3 Esportiva Grama.\u00a0 Els MVP teniu deures per fer, ja podeu fer bones jugades, ja podeu treballar de valent i que els vostres pares o familiars ho immortalitzin per que ens ho envieu a final de temporada.\u00a0 Nosaltres treballem per que algun establiment col\u00b7laborador amb la Grama us doni el premi que mereixeu.<\/p>\n<p>Per \u00faltim, abans de seguir amb el concurs, volem que prengueu nota d\u2019una cosa. Com el nom de la nostra Entitat indica, som una Fundaci\u00f3 Esportiva, i l\u2019esportivitat deu estar per davant de tot. Aix\u00ed, us demanem que NO feu trampa a les votacions per que, com heu comprovat els que heu manipulat els vots, el guanyador de cada setmana \u00e9s qui no fa trampa, si no qui t\u00e9 m\u00e9s vots nets.<\/p>\n<p>Som-hi nois i noies, qui ser\u00e0 l\u2019MVP final??<\/p>\n<p>[divider]<\/p>\n<p>Enhorabuena a Tatiana, Ariadna, Jordi, Javier, Brayan y Joel por haber conseguido ser MVP en estas dos semanas de concurso.<\/p>\n<p>Hoy os explicamos exactamente en qu\u00e9 consistir\u00e1 el concurso del MVP 2014-2015, dici\u00e9ndoos que aquellos que gan\u00e9is en una semana deb\u00e9is hacer m\u00e1s trabajo para final de temporada. Es decir, a final de temporada pediremos a todos los ganadores que nos env\u00eden un video con las mejores jugadas o un collage de fotos con escenas de juego de esta temporada.<\/p>\n<p>Con estas im\u00e1genes abriremos una nueva votaci\u00f3n para decidir qui\u00e9n ser\u00e1 el MVP 2014-2015 en la Fundaci\u00f3 Esportiva Grama. Los MVP ten\u00e9is deberes para hacer, ya pod\u00e9is hacer buenas jugadas, ya pod\u00e9is trabajar duro y que vuestros padres o familiares lo inmortalicen para que nos lo envi\u00e9is a final de temporada. Nosotros trabajamos para que alg\u00fan establecimiento colaborador con la Grama os d\u00e9 el premio q merec\u00e9is.<\/p>\n<p>Por \u00faltimo, antes de seguir con el concurso, queremos que tom\u00e9is nota de una cosa. Como el nombre de nuestra Entidad indica, somos una Fundaci\u00f3n Deportiva, y la deportividad debe estar por delante de todo. As\u00ed, os pedimos que NO hag\u00e1is trampa en las votaciones porque, como hab\u00e9is comprobado los hab\u00e9is manipulado los votos, el ganador de cada semana es quien no hace trampa, sino el que tiene m\u00e1s votos limpios<\/p>\n","protected":false},"excerpt":{"rendered":"<p>&nbsp; Enhorabona a Tatiana, Ariadna, Jordi, Javier, Brayan i Joel per haver aconseguir ser MVP en aquestes dues setmanes de concurs. Avui us expliquem exactament en qu\u00e8 consistir\u00e0 el concurs de l\u2019MVP 2014-2015, dient-vos que aquells que guanyeu en una setmana heu de fer m\u00e9s feina per final de temporada. Es a dir, a final [&hellip;]<\/p>\n","protected":false},"author":9,"featured_media":0,"comment_status":"closed","ping_status":"closed","sticky":false,"template":"","format":"standard","meta":{"footnotes":""},"categories":[14],"tags":[935,933,934,932],"class_list":["post-9404","post","type-post","status-publish","format-standard","hentry","category-noticies","tag-brayan-caicedo","tag-concurs-grama","tag-joel-gonzalo","tag-mvp"],"_links":{"self":[{"href":"https:\/\/fegrama.cat\/web\/wp-json\/wp\/v2\/posts\/9404","targetHints":{"allow":["GET"]}}],"collection":[{"href":"https:\/\/fegrama.cat\/web\/wp-json\/wp\/v2\/posts"}],"about":[{"href":"https:\/\/fegrama.cat\/web\/wp-json\/wp\/v2\/types\/post"}],"author":[{"embeddable":true,"href":"https:\/\/fegrama.cat\/web\/wp-json\/wp\/v2\/users\/9"}],"replies":[{"embeddable":true,"href":"https:\/\/fegrama.cat\/web\/wp-json\/wp\/v2\/comments?post=9404"}],"version-history":[{"count":1,"href":"https:\/\/fegrama.cat\/web\/wp-json\/wp\/v2\/posts\/9404\/revisions"}],"predecessor-version":[{"id":9409,"href":"https:\/\/fegrama.cat\/web\/wp-json\/wp\/v2\/posts\/9404\/revisions\/9409"}],"wp:attachment":[{"href":"https:\/\/fegrama.cat\/web\/wp-json\/wp\/v2\/media?parent=9404"}],"wp:term":[{"taxonomy":"category","embeddable":true,"href":"https:\/\/fegrama.cat\/web\/wp-json\/wp\/v2\/categories?post=9404"},{"taxonomy":"post_tag","embeddable":true,"href":"https:\/\/fegrama.cat\/web\/wp-json\/wp\/v2\/tags?post=9404"}],"curies":[{"name":"wp","href":"https:\/\/api.w.org\/{rel}","templated":true}]}}