{"id":36012,"date":"2025-11-27T09:42:32","date_gmt":"2025-11-27T08:42:32","guid":{"rendered":"https:\/\/fegrama.cat\/web\/?p=36012"},"modified":"2025-11-27T09:42:32","modified_gmt":"2025-11-27T08:42:32","slug":"la-grama-supera-lespanyol-b-i-avanca-a-vuitens-de-la-copa-catalunya-1-0","status":"publish","type":"post","link":"https:\/\/fegrama.cat\/web\/la-grama-supera-lespanyol-b-i-avanca-a-vuitens-de-la-copa-catalunya-1-0\/","title":{"rendered":"La Grama supera l\u2019Espanyol \u201cB\u201d i avan\u00e7a a vuitens de la Copa Catalunya (1\u20130)"},"content":{"rendered":"\n<p><strong><em>Un gran gol de Pepe Bonilla i la solidesa de l\u2019equip permeten als colomencs eliminar un filial exigent i segellar el pas a la seg\u00fcent ronda.<\/em><\/strong><\/p>\n\n\n\n<p>La FE Grama ja \u00e9s als\u00a0vuitens de final de la Copa Catalunya\u00a0despr\u00e9s de superar per 1-0 el RCD Espanyol \u201cB\u201d en una nit de futbol intens i vibrant al Municipal de Santa Coloma. L\u2019equip de Roberto Morales va signar un partit molt complet, mostrant car\u00e0cter, solidesa defensiva i capacitat per competir davant un dels filials m\u00e9s potents del futbol catal\u00e0.<\/p>\n\n\n\n<p>L\u2019Espanyol \u201cB\u201d va sortir amb molta for\u00e7a i al minut 12 va tenir la primera ocasi\u00f3 clara: Letono va connectar un xut potent que va obligar\u00a0Meca\u00a0a intervenir amb una gran aturada. La resposta colomenca no va trigar a arribar. Al 17\u2019,\u00a0Fran Orellana\u00a0ho va provar amb un xut creuat que va passar molt a prop del pal. Uns minuts despr\u00e9s, al 23\u2019, l\u2019\u00e0rbitre va assenyalar penal favorable a la Grama.\u00a0Peris\u00a0el va executar amb decisi\u00f3, per\u00f2 la pilota va impactar al travesser i va sortir fora.<\/p>\n\n\n\n<p>L\u2019equip, lluny d\u2019abaixar els bra\u00e7os, va intensificar la pressi\u00f3 i al 35\u2019 va arribar el premi:\u00a0Pepe Bonilla\u00a0va fabricar una acci\u00f3 individual de molt\u00edssima qualitat, coronada amb una definici\u00f3 precisa que va fer esclatar el Municipal. Un gol\u00e0s que encarrilava l\u2019eliminat\u00f2ria.<\/p>\n\n\n\n<p>A la represa, el conjunt perico va augmentar el ritme i va buscar amb insist\u00e8ncia la porteria de Meca, per\u00f2 la Grama es va mostrar s\u00f2lida i molt segura en defensa. De fet, l\u2019oportunitat m\u00e9s clara de la segona part va ser local: al 76\u2019,\u00a0Bilal\u00a0va poder sentenciar el partit, per\u00f2 el seu xut va marxar massa alt.<\/p>\n\n\n\n<p>Fins al final, l\u2019Espanyol \u201cB\u201d va intentar for\u00e7ar els penals amb centrades i pilotes penjades, per\u00f2 la Grama va resistir amb determinaci\u00f3 i va demostrar maduresa competitiva fins a l\u2019\u00faltim segon.<\/p>\n\n\n\n<p>Amb aquesta vict\u00f2ria, la FE Grama\u00a0avan\u00e7a a vuitens de final de la Copa Catalunya, on ja espera rival. Una nit que refor\u00e7a l\u2019equip i que confirma que el Municipal continua sent un escenari on sempre \u00e9s dif\u00edcil guanyar.<\/p>\n","protected":false},"excerpt":{"rendered":"<p>Un gran gol de Pepe Bonilla i la solidesa de l\u2019equip permeten als colomencs eliminar un filial exigent i segellar el pas a la seg\u00fcent ronda. La FE Grama ja \u00e9s als\u00a0vuitens de final de la Copa Catalunya\u00a0despr\u00e9s de superar per 1-0 el RCD Espanyol \u201cB\u201d en una nit de futbol intens i vibrant al [&hellip;]<\/p>\n","protected":false},"author":1,"featured_media":36013,"comment_status":"closed","ping_status":"closed","sticky":false,"template":"","format":"standard","meta":{"footnotes":""},"categories":[14,5],"tags":[],"class_list":["post-36012","post","type-post","status-publish","format-standard","has-post-thumbnail","hentry","category-noticies","category-primer-equip"],"_links":{"self":[{"href":"https:\/\/fegrama.cat\/web\/wp-json\/wp\/v2\/posts\/36012","targetHints":{"allow":["GET"]}}],"collection":[{"href":"https:\/\/fegrama.cat\/web\/wp-json\/wp\/v2\/posts"}],"about":[{"href":"https:\/\/fegrama.cat\/web\/wp-json\/wp\/v2\/types\/post"}],"author":[{"embeddable":true,"href":"https:\/\/fegrama.cat\/web\/wp-json\/wp\/v2\/users\/1"}],"replies":[{"embeddable":true,"href":"https:\/\/fegrama.cat\/web\/wp-json\/wp\/v2\/comments?post=36012"}],"version-history":[{"count":1,"href":"https:\/\/fegrama.cat\/web\/wp-json\/wp\/v2\/posts\/36012\/revisions"}],"predecessor-version":[{"id":36014,"href":"https:\/\/fegrama.cat\/web\/wp-json\/wp\/v2\/posts\/36012\/revisions\/36014"}],"wp:featuredmedia":[{"embeddable":true,"href":"https:\/\/fegrama.cat\/web\/wp-json\/wp\/v2\/media\/36013"}],"wp:attachment":[{"href":"https:\/\/fegrama.cat\/web\/wp-json\/wp\/v2\/media?parent=36012"}],"wp:term":[{"taxonomy":"category","embeddable":true,"href":"https:\/\/fegrama.cat\/web\/wp-json\/wp\/v2\/categories?post=36012"},{"taxonomy":"post_tag","embeddable":true,"href":"https:\/\/fegrama.cat\/web\/wp-json\/wp\/v2\/tags?post=36012"}],"curies":[{"name":"wp","href":"https:\/\/api.w.org\/{rel}","templated":true}]}}