{"id":35672,"date":"2025-06-19T09:13:54","date_gmt":"2025-06-19T08:13:54","guid":{"rendered":"https:\/\/fegrama.cat\/web\/?p=35672"},"modified":"2025-06-19T09:13:54","modified_gmt":"2025-06-19T08:13:54","slug":"marti-alonso-nou-jugador-de-la-grama","status":"publish","type":"post","link":"https:\/\/fegrama.cat\/web\/marti-alonso-nou-jugador-de-la-grama\/","title":{"rendered":"Mart\u00ed Alonso, nou jugador de la Grama"},"content":{"rendered":"\n<p>La Fundaci\u00f3 Esportiva Grama continua refor\u00e7ant la seva plantilla amb la incorporaci\u00f3 del davanter Mart\u00ed Alonso, que arriba procedent del FC L\u2019Escala.<\/p>\n\n\n\n<p>Amb una gran capacitat golejadora i una actitud competitiva destacada, Mart\u00ed Alonso \u00e9s un punta amb olfacte, mobilitat i entrega. El seu pas pel FC L\u2019Escala ha demostrat la seva efic\u00e0cia de cara a porteria i la seva capacitat per generar perill tant en joc combinatiu com a l\u2019espai.<\/p>\n\n\n\n<p>Amb aquest fitxatge, la FE Grama suma una pe\u00e7a clau a la l\u00ednia ofensiva per afrontar amb garanties els reptes de la nova temporada.<\/p>\n\n\n\n<p>Benvingut a la Grama, Mart\u00ed!<\/p>\n","protected":false},"excerpt":{"rendered":"<p>La Fundaci\u00f3 Esportiva Grama continua refor\u00e7ant la seva plantilla amb la incorporaci\u00f3 del davanter Mart\u00ed Alonso, que arriba procedent del FC L\u2019Escala. Amb una gran capacitat golejadora i una actitud competitiva destacada, Mart\u00ed Alonso \u00e9s un punta amb olfacte, mobilitat i entrega. El seu pas pel FC L\u2019Escala ha demostrat la seva efic\u00e0cia de cara [&hellip;]<\/p>\n","protected":false},"author":1,"featured_media":35673,"comment_status":"closed","ping_status":"closed","sticky":false,"template":"","format":"standard","meta":{"footnotes":""},"categories":[14,5],"tags":[],"class_list":["post-35672","post","type-post","status-publish","format-standard","has-post-thumbnail","hentry","category-noticies","category-primer-equip"],"_links":{"self":[{"href":"https:\/\/fegrama.cat\/web\/wp-json\/wp\/v2\/posts\/35672","targetHints":{"allow":["GET"]}}],"collection":[{"href":"https:\/\/fegrama.cat\/web\/wp-json\/wp\/v2\/posts"}],"about":[{"href":"https:\/\/fegrama.cat\/web\/wp-json\/wp\/v2\/types\/post"}],"author":[{"embeddable":true,"href":"https:\/\/fegrama.cat\/web\/wp-json\/wp\/v2\/users\/1"}],"replies":[{"embeddable":true,"href":"https:\/\/fegrama.cat\/web\/wp-json\/wp\/v2\/comments?post=35672"}],"version-history":[{"count":1,"href":"https:\/\/fegrama.cat\/web\/wp-json\/wp\/v2\/posts\/35672\/revisions"}],"predecessor-version":[{"id":35674,"href":"https:\/\/fegrama.cat\/web\/wp-json\/wp\/v2\/posts\/35672\/revisions\/35674"}],"wp:featuredmedia":[{"embeddable":true,"href":"https:\/\/fegrama.cat\/web\/wp-json\/wp\/v2\/media\/35673"}],"wp:attachment":[{"href":"https:\/\/fegrama.cat\/web\/wp-json\/wp\/v2\/media?parent=35672"}],"wp:term":[{"taxonomy":"category","embeddable":true,"href":"https:\/\/fegrama.cat\/web\/wp-json\/wp\/v2\/categories?post=35672"},{"taxonomy":"post_tag","embeddable":true,"href":"https:\/\/fegrama.cat\/web\/wp-json\/wp\/v2\/tags?post=35672"}],"curies":[{"name":"wp","href":"https:\/\/api.w.org\/{rel}","templated":true}]}}