{"id":35658,"date":"2025-06-16T10:09:44","date_gmt":"2025-06-16T09:09:44","guid":{"rendered":"https:\/\/fegrama.cat\/web\/?p=35658"},"modified":"2025-06-16T10:09:45","modified_gmt":"2025-06-16T09:09:45","slug":"adria-mendez-nou-jugador-de-la-grama","status":"publish","type":"post","link":"https:\/\/fegrama.cat\/web\/adria-mendez-nou-jugador-de-la-grama\/","title":{"rendered":"Adri\u00e0 M\u00e9ndez, nou jugador de la Grama"},"content":{"rendered":"\n<p><strong><em>El migcampista de 23 anys s&#8217;incorpora al projecte de la FE Grama 2025-26.<\/em><\/strong><\/p>\n\n\n\n<p>La <strong>Fundaci\u00f3 Esportiva Grama<\/strong> incorpora Adri\u00e0 M\u00e9ndez al seu primer equip. El migcampista, que arriba procedent del FC L\u2019Escala, refor\u00e7ar\u00e0 la medul\u00b7lar amb la seva visi\u00f3 de joc, criteri amb la pilota i capacitat de treball.<\/p>\n\n\n\n<p>Format a la pedrera del Girona FC, M\u00e9ndez destaca per la seva intel\u00b7lig\u00e8ncia t\u00e0ctica i comprom\u00eds sobre el terreny de joc. Amb una traject\u00f2ria ascendent i una gran projecci\u00f3, s\u2019uneix al projecte de la Grama per aportar qualitat i solidesa al mig del camp.<\/p>\n\n\n\n<p>Amb aquest fitxatge, la FE Grama continua apostant per un model competitiu i ambici\u00f3s, amb jugadors que combinen formaci\u00f3, talent i fam de creixement.<\/p>\n\n\n\n<p>Benvingut a la Grama, Adri\u00e0! #\u00c9sLHoraDeLaGrama<\/p>\n","protected":false},"excerpt":{"rendered":"<p>El migcampista de 23 anys s&#8217;incorpora al projecte de la FE Grama 2025-26. La Fundaci\u00f3 Esportiva Grama incorpora Adri\u00e0 M\u00e9ndez al seu primer equip. El migcampista, que arriba procedent del FC L\u2019Escala, refor\u00e7ar\u00e0 la medul\u00b7lar amb la seva visi\u00f3 de joc, criteri amb la pilota i capacitat de treball. Format a la pedrera del Girona [&hellip;]<\/p>\n","protected":false},"author":1,"featured_media":35660,"comment_status":"closed","ping_status":"closed","sticky":false,"template":"","format":"standard","meta":{"footnotes":""},"categories":[14,5],"tags":[],"class_list":["post-35658","post","type-post","status-publish","format-standard","has-post-thumbnail","hentry","category-noticies","category-primer-equip"],"_links":{"self":[{"href":"https:\/\/fegrama.cat\/web\/wp-json\/wp\/v2\/posts\/35658","targetHints":{"allow":["GET"]}}],"collection":[{"href":"https:\/\/fegrama.cat\/web\/wp-json\/wp\/v2\/posts"}],"about":[{"href":"https:\/\/fegrama.cat\/web\/wp-json\/wp\/v2\/types\/post"}],"author":[{"embeddable":true,"href":"https:\/\/fegrama.cat\/web\/wp-json\/wp\/v2\/users\/1"}],"replies":[{"embeddable":true,"href":"https:\/\/fegrama.cat\/web\/wp-json\/wp\/v2\/comments?post=35658"}],"version-history":[{"count":1,"href":"https:\/\/fegrama.cat\/web\/wp-json\/wp\/v2\/posts\/35658\/revisions"}],"predecessor-version":[{"id":35659,"href":"https:\/\/fegrama.cat\/web\/wp-json\/wp\/v2\/posts\/35658\/revisions\/35659"}],"wp:featuredmedia":[{"embeddable":true,"href":"https:\/\/fegrama.cat\/web\/wp-json\/wp\/v2\/media\/35660"}],"wp:attachment":[{"href":"https:\/\/fegrama.cat\/web\/wp-json\/wp\/v2\/media?parent=35658"}],"wp:term":[{"taxonomy":"category","embeddable":true,"href":"https:\/\/fegrama.cat\/web\/wp-json\/wp\/v2\/categories?post=35658"},{"taxonomy":"post_tag","embeddable":true,"href":"https:\/\/fegrama.cat\/web\/wp-json\/wp\/v2\/tags?post=35658"}],"curies":[{"name":"wp","href":"https:\/\/api.w.org\/{rel}","templated":true}]}}