{"id":35643,"date":"2025-06-06T12:44:58","date_gmt":"2025-06-06T11:44:58","guid":{"rendered":"https:\/\/fegrama.cat\/web\/?p=35643"},"modified":"2025-06-06T12:44:59","modified_gmt":"2025-06-06T11:44:59","slug":"la-festa-del-xai-sha-celebrat-al-municipal-de-la-grama","status":"publish","type":"post","link":"https:\/\/fegrama.cat\/web\/la-festa-del-xai-sha-celebrat-al-municipal-de-la-grama\/","title":{"rendered":"La Festa del Xai s&#8217;ha celebrat al Municipal de la Grama"},"content":{"rendered":"\n<p>A primera hora del mat\u00ed d\u2019aquest divendres 6 de juny, el Municipal de la Grama ha acollit la celebraci\u00f3 de l\u2019Eid al-Adha (Festa del Xai), una data de gran rellev\u00e0ncia per a la comunitat musulmana. Al voltant de 3.000 persones s\u2019han reunit a l\u2019estadi colomenc per compartir aquesta festivitat en un ambient de respecte i conviv\u00e8ncia.<\/p>\n\n\n\n<p>Un any m\u00e9s, per a la Fundaci\u00f3 Esportiva Grama \u00e9s un orgull que una celebraci\u00f3 tan significativa tingui lloc a les nostres instal\u00b7lacions, reafirmant el nostre comprom\u00eds amb la multiculturalitat, la integraci\u00f3 i la igualtat.<\/p>\n\n\n\n<p>Aquesta jornada no hauria estat possible sense la col\u00b7laboraci\u00f3 de l\u2019Ajuntament de Santa Coloma de Gramenet, aix\u00ed com del treball conjunt de totes les persones i entitats que han fet possible l\u2019organitzaci\u00f3 de l\u2019acte.<\/p>\n\n\n\n<figure class=\"wp-block-image size-large\"><a href=\"https:\/\/fegrama.cat\/web\/wp-content\/uploads\/2025\/06\/WhatsApp-Image-2025-06-06-at-12.45.39-scaled.jpeg\"><img loading=\"lazy\" decoding=\"async\" width=\"1024\" height=\"768\" src=\"https:\/\/fegrama.cat\/web\/wp-content\/uploads\/2025\/06\/WhatsApp-Image-2025-06-06-at-12.45.39-1024x768.jpeg\" alt=\"\" class=\"wp-image-35645\" srcset=\"https:\/\/fegrama.cat\/web\/wp-content\/uploads\/2025\/06\/WhatsApp-Image-2025-06-06-at-12.45.39-1024x768.jpeg 1024w, https:\/\/fegrama.cat\/web\/wp-content\/uploads\/2025\/06\/WhatsApp-Image-2025-06-06-at-12.45.39-300x225.jpeg 300w, https:\/\/fegrama.cat\/web\/wp-content\/uploads\/2025\/06\/WhatsApp-Image-2025-06-06-at-12.45.39-768x576.jpeg 768w, https:\/\/fegrama.cat\/web\/wp-content\/uploads\/2025\/06\/WhatsApp-Image-2025-06-06-at-12.45.39-1536x1152.jpeg 1536w, https:\/\/fegrama.cat\/web\/wp-content\/uploads\/2025\/06\/WhatsApp-Image-2025-06-06-at-12.45.39-2048x1536.jpeg 2048w, https:\/\/fegrama.cat\/web\/wp-content\/uploads\/2025\/06\/WhatsApp-Image-2025-06-06-at-12.45.39-1200x900.jpeg 1200w, https:\/\/fegrama.cat\/web\/wp-content\/uploads\/2025\/06\/WhatsApp-Image-2025-06-06-at-12.45.39-1980x1485.jpeg 1980w\" sizes=\"auto, (max-width: 1024px) 100vw, 1024px\" \/><\/a><\/figure>\n\n\n\n<p>A primera hora de la ma\u00f1ana de este domingo 6 de junio, el Municipal de la Grama ha acogido la celebraci\u00f3n del Eid al-Adha (Fiesta del Cordero), una fecha de gran relevancia para la comunidad musulmana. Alrededor de 3.000 personas se han reunido en el estadio colomense para compartir esta festividad en un ambiente de respeto y convivencia.<\/p>\n\n\n\n<p>Un a\u00f1o m\u00e1s, para la Fundaci\u00f3 Esportiva Grama es un orgullo que una celebraci\u00f3n tan significativa tenga lugar en nuestras instalaciones, reafirmando nuestro compromiso con la multiculturalidad, la integraci\u00f3n y la igualdad.<\/p>\n\n\n\n<p>Esta jornada no habr\u00eda sido posible sin la colaboraci\u00f3n del Ayuntamiento de Santa Coloma de Gramenet, as\u00ed como del trabajo conjunto de todas las personas y entidades que han hecho posible la organizaci\u00f3n del acto.<\/p>\n","protected":false},"excerpt":{"rendered":"<p>A primera hora del mat\u00ed d\u2019aquest divendres 6 de juny, el Municipal de la Grama ha acollit la celebraci\u00f3 de l\u2019Eid al-Adha (Festa del Xai), una data de gran rellev\u00e0ncia per a la comunitat musulmana. Al voltant de 3.000 persones s\u2019han reunit a l\u2019estadi colomenc per compartir aquesta festivitat en un ambient de respecte i [&hellip;]<\/p>\n","protected":false},"author":1,"featured_media":35644,"comment_status":"closed","ping_status":"closed","sticky":false,"template":"","format":"standard","meta":{"footnotes":""},"categories":[1348,14],"tags":[],"class_list":["post-35643","post","type-post","status-publish","format-standard","has-post-thumbnail","hentry","category-club","category-noticies"],"_links":{"self":[{"href":"https:\/\/fegrama.cat\/web\/wp-json\/wp\/v2\/posts\/35643","targetHints":{"allow":["GET"]}}],"collection":[{"href":"https:\/\/fegrama.cat\/web\/wp-json\/wp\/v2\/posts"}],"about":[{"href":"https:\/\/fegrama.cat\/web\/wp-json\/wp\/v2\/types\/post"}],"author":[{"embeddable":true,"href":"https:\/\/fegrama.cat\/web\/wp-json\/wp\/v2\/users\/1"}],"replies":[{"embeddable":true,"href":"https:\/\/fegrama.cat\/web\/wp-json\/wp\/v2\/comments?post=35643"}],"version-history":[{"count":1,"href":"https:\/\/fegrama.cat\/web\/wp-json\/wp\/v2\/posts\/35643\/revisions"}],"predecessor-version":[{"id":35646,"href":"https:\/\/fegrama.cat\/web\/wp-json\/wp\/v2\/posts\/35643\/revisions\/35646"}],"wp:featuredmedia":[{"embeddable":true,"href":"https:\/\/fegrama.cat\/web\/wp-json\/wp\/v2\/media\/35644"}],"wp:attachment":[{"href":"https:\/\/fegrama.cat\/web\/wp-json\/wp\/v2\/media?parent=35643"}],"wp:term":[{"taxonomy":"category","embeddable":true,"href":"https:\/\/fegrama.cat\/web\/wp-json\/wp\/v2\/categories?post=35643"},{"taxonomy":"post_tag","embeddable":true,"href":"https:\/\/fegrama.cat\/web\/wp-json\/wp\/v2\/tags?post=35643"}],"curies":[{"name":"wp","href":"https:\/\/api.w.org\/{rel}","templated":true}]}}