{"id":35639,"date":"2025-06-02T21:24:51","date_gmt":"2025-06-02T20:24:51","guid":{"rendered":"https:\/\/fegrama.cat\/web\/?p=35639"},"modified":"2025-06-02T21:24:52","modified_gmt":"2025-06-02T20:24:52","slug":"varona-renovat","status":"publish","type":"post","link":"https:\/\/fegrama.cat\/web\/varona-renovat\/","title":{"rendered":"Varona, renovat!"},"content":{"rendered":"\n<p>La Fundaci\u00f3 Esportiva Grama fa oficial la <strong>renovaci\u00f3 de Varona<\/strong>, que seguir\u00e0 vestint la samarreta blava una temporada m\u00e9s.<\/p>\n\n\n\n<p>El migcampista s\u2019ha consolidat com una pe\u00e7a clau a la sala de m\u00e0quines: intel\u00b7ligent amb pilota, intens en la pressi\u00f3 i capa\u00e7 de donar equilibri t\u00e0ctic a l\u2019equip. El seu joc discret per\u00f2 imprescindible l\u2019ha convertit en un valor segur al mig del camp colomenc.<\/p>\n\n\n\n<p>Amb aquesta renovaci\u00f3, la Grama assegura talent, comprom\u00eds i sentit col\u00b7lectiu al centre del camp amb un jugador que complir\u00e0 la seva tercera temporada al club.<\/p>\n","protected":false},"excerpt":{"rendered":"<p>La Fundaci\u00f3 Esportiva Grama fa oficial la renovaci\u00f3 de Varona, que seguir\u00e0 vestint la samarreta blava una temporada m\u00e9s. El migcampista s\u2019ha consolidat com una pe\u00e7a clau a la sala de m\u00e0quines: intel\u00b7ligent amb pilota, intens en la pressi\u00f3 i capa\u00e7 de donar equilibri t\u00e0ctic a l\u2019equip. El seu joc discret per\u00f2 imprescindible l\u2019ha convertit [&hellip;]<\/p>\n","protected":false},"author":1,"featured_media":35640,"comment_status":"closed","ping_status":"closed","sticky":false,"template":"","format":"standard","meta":{"footnotes":""},"categories":[14,5],"tags":[],"class_list":["post-35639","post","type-post","status-publish","format-standard","has-post-thumbnail","hentry","category-noticies","category-primer-equip"],"_links":{"self":[{"href":"https:\/\/fegrama.cat\/web\/wp-json\/wp\/v2\/posts\/35639","targetHints":{"allow":["GET"]}}],"collection":[{"href":"https:\/\/fegrama.cat\/web\/wp-json\/wp\/v2\/posts"}],"about":[{"href":"https:\/\/fegrama.cat\/web\/wp-json\/wp\/v2\/types\/post"}],"author":[{"embeddable":true,"href":"https:\/\/fegrama.cat\/web\/wp-json\/wp\/v2\/users\/1"}],"replies":[{"embeddable":true,"href":"https:\/\/fegrama.cat\/web\/wp-json\/wp\/v2\/comments?post=35639"}],"version-history":[{"count":1,"href":"https:\/\/fegrama.cat\/web\/wp-json\/wp\/v2\/posts\/35639\/revisions"}],"predecessor-version":[{"id":35641,"href":"https:\/\/fegrama.cat\/web\/wp-json\/wp\/v2\/posts\/35639\/revisions\/35641"}],"wp:featuredmedia":[{"embeddable":true,"href":"https:\/\/fegrama.cat\/web\/wp-json\/wp\/v2\/media\/35640"}],"wp:attachment":[{"href":"https:\/\/fegrama.cat\/web\/wp-json\/wp\/v2\/media?parent=35639"}],"wp:term":[{"taxonomy":"category","embeddable":true,"href":"https:\/\/fegrama.cat\/web\/wp-json\/wp\/v2\/categories?post=35639"},{"taxonomy":"post_tag","embeddable":true,"href":"https:\/\/fegrama.cat\/web\/wp-json\/wp\/v2\/tags?post=35639"}],"curies":[{"name":"wp","href":"https:\/\/api.w.org\/{rel}","templated":true}]}}