{"id":35636,"date":"2025-06-02T21:24:05","date_gmt":"2025-06-02T20:24:05","guid":{"rendered":"https:\/\/fegrama.cat\/web\/?p=35636"},"modified":"2025-06-02T21:24:07","modified_gmt":"2025-06-02T20:24:07","slug":"maikel-segueix","status":"publish","type":"post","link":"https:\/\/fegrama.cat\/web\/maikel-segueix\/","title":{"rendered":"Maikel, segueix!"},"content":{"rendered":"\n<p><strong><em>El defensa seguir\u00e0 vestint la samarreta de la Grama a la temporada 2025-26.<\/em><\/strong><\/p>\n\n\n\n<p>Maikel seguir\u00e0 formant part del primer equip de la Fundaci\u00f3 Esportiva Grama de cara a la temporada 2025-26.<\/p>\n\n\n\n<p>El defensa ha estat una pe\u00e7a fiable a la l\u00ednia del darrere, mostrant-se s\u00f2lid en els duels i intens en la pressi\u00f3. Amb actitud i treball constant, Maikel continuar\u00e0 aportant equilibri defensiu, f\u00edsic i car\u00e0cter a l\u2019esquema de l\u2019equip. Tot i la lesi\u00f3 que l&#8217;ha mantingut apartat dels terrenys de joc, Maikel ha estat una pe\u00e7a important al vestidor i estem segurs que tornar\u00e0 molt fort per defensar la samarreta colomenca.<\/p>\n\n\n\n<p>Amb la seva continu\u00eftat, el club refor\u00e7a la base competitiva del grup amb un jugador identificat amb els valors del vestidor i l\u2019ADN Grama.<\/p>\n","protected":false},"excerpt":{"rendered":"<p>El defensa seguir\u00e0 vestint la samarreta de la Grama a la temporada 2025-26. Maikel seguir\u00e0 formant part del primer equip de la Fundaci\u00f3 Esportiva Grama de cara a la temporada 2025-26. El defensa ha estat una pe\u00e7a fiable a la l\u00ednia del darrere, mostrant-se s\u00f2lid en els duels i intens en la pressi\u00f3. Amb actitud [&hellip;]<\/p>\n","protected":false},"author":1,"featured_media":35637,"comment_status":"closed","ping_status":"closed","sticky":false,"template":"","format":"standard","meta":{"footnotes":""},"categories":[14,5],"tags":[],"class_list":["post-35636","post","type-post","status-publish","format-standard","has-post-thumbnail","hentry","category-noticies","category-primer-equip"],"_links":{"self":[{"href":"https:\/\/fegrama.cat\/web\/wp-json\/wp\/v2\/posts\/35636","targetHints":{"allow":["GET"]}}],"collection":[{"href":"https:\/\/fegrama.cat\/web\/wp-json\/wp\/v2\/posts"}],"about":[{"href":"https:\/\/fegrama.cat\/web\/wp-json\/wp\/v2\/types\/post"}],"author":[{"embeddable":true,"href":"https:\/\/fegrama.cat\/web\/wp-json\/wp\/v2\/users\/1"}],"replies":[{"embeddable":true,"href":"https:\/\/fegrama.cat\/web\/wp-json\/wp\/v2\/comments?post=35636"}],"version-history":[{"count":1,"href":"https:\/\/fegrama.cat\/web\/wp-json\/wp\/v2\/posts\/35636\/revisions"}],"predecessor-version":[{"id":35638,"href":"https:\/\/fegrama.cat\/web\/wp-json\/wp\/v2\/posts\/35636\/revisions\/35638"}],"wp:featuredmedia":[{"embeddable":true,"href":"https:\/\/fegrama.cat\/web\/wp-json\/wp\/v2\/media\/35637"}],"wp:attachment":[{"href":"https:\/\/fegrama.cat\/web\/wp-json\/wp\/v2\/media?parent=35636"}],"wp:term":[{"taxonomy":"category","embeddable":true,"href":"https:\/\/fegrama.cat\/web\/wp-json\/wp\/v2\/categories?post=35636"},{"taxonomy":"post_tag","embeddable":true,"href":"https:\/\/fegrama.cat\/web\/wp-json\/wp\/v2\/tags?post=35636"}],"curies":[{"name":"wp","href":"https:\/\/api.w.org\/{rel}","templated":true}]}}