{"id":35632,"date":"2025-06-01T12:20:53","date_gmt":"2025-06-01T11:20:53","guid":{"rendered":"https:\/\/fegrama.cat\/web\/?p=35632"},"modified":"2025-06-01T12:20:54","modified_gmt":"2025-06-01T11:20:54","slug":"alan-renovat","status":"publish","type":"post","link":"https:\/\/fegrama.cat\/web\/alan-renovat\/","title":{"rendered":"Alan, renovat!"},"content":{"rendered":"\n<p><em><strong>El central seguir\u00e0 una temporada m\u00e9s com a referent de seguretat i contund\u00e8ncia al darrere<\/strong><\/em><\/p>\n\n\n\n<p>La Fundaci\u00f3 Esportiva Grama fa oficial la renovaci\u00f3 d\u2019Alan per a la temporada 2025-26. El central continuar\u00e0 defensant la samarreta colomenca i aportant solidesa, intensitat i car\u00e0cter a la l\u00ednia defensiva de l\u2019equip.<\/p>\n\n\n\n<p>Alan s\u2019ha consolidat com un mur al darrere, destacant per la seva contund\u00e8ncia en el tall, capacitat d\u2019anticipaci\u00f3 i comprom\u00eds constant dins i fora del camp. La seva pres\u00e8ncia aporta equilibri a la defensa i \u00e9s un actiu de confian\u00e7a tant per al cos t\u00e8cnic com per al vestidor.<\/p>\n\n\n\n<p>Amb aquesta renovaci\u00f3, la Grama mant\u00e9 un perfil clau per a l\u2019estabilitat del bloc defensiu i continua apostant per jugadors identificats amb l\u2019exig\u00e8ncia i els valors del club.<\/p>\n\n\n\n<p>\ud83d\udc99 #\u00c9sLHoraDeLaGrama<br>\ud83d\udcaa #ADNGrama<\/p>\n","protected":false},"excerpt":{"rendered":"<p>El central seguir\u00e0 una temporada m\u00e9s com a referent de seguretat i contund\u00e8ncia al darrere La Fundaci\u00f3 Esportiva Grama fa oficial la renovaci\u00f3 d\u2019Alan per a la temporada 2025-26. El central continuar\u00e0 defensant la samarreta colomenca i aportant solidesa, intensitat i car\u00e0cter a la l\u00ednia defensiva de l\u2019equip. Alan s\u2019ha consolidat com un mur al [&hellip;]<\/p>\n","protected":false},"author":1,"featured_media":35633,"comment_status":"closed","ping_status":"closed","sticky":false,"template":"","format":"standard","meta":{"footnotes":""},"categories":[14,5],"tags":[],"class_list":["post-35632","post","type-post","status-publish","format-standard","has-post-thumbnail","hentry","category-noticies","category-primer-equip"],"_links":{"self":[{"href":"https:\/\/fegrama.cat\/web\/wp-json\/wp\/v2\/posts\/35632","targetHints":{"allow":["GET"]}}],"collection":[{"href":"https:\/\/fegrama.cat\/web\/wp-json\/wp\/v2\/posts"}],"about":[{"href":"https:\/\/fegrama.cat\/web\/wp-json\/wp\/v2\/types\/post"}],"author":[{"embeddable":true,"href":"https:\/\/fegrama.cat\/web\/wp-json\/wp\/v2\/users\/1"}],"replies":[{"embeddable":true,"href":"https:\/\/fegrama.cat\/web\/wp-json\/wp\/v2\/comments?post=35632"}],"version-history":[{"count":1,"href":"https:\/\/fegrama.cat\/web\/wp-json\/wp\/v2\/posts\/35632\/revisions"}],"predecessor-version":[{"id":35634,"href":"https:\/\/fegrama.cat\/web\/wp-json\/wp\/v2\/posts\/35632\/revisions\/35634"}],"wp:featuredmedia":[{"embeddable":true,"href":"https:\/\/fegrama.cat\/web\/wp-json\/wp\/v2\/media\/35633"}],"wp:attachment":[{"href":"https:\/\/fegrama.cat\/web\/wp-json\/wp\/v2\/media?parent=35632"}],"wp:term":[{"taxonomy":"category","embeddable":true,"href":"https:\/\/fegrama.cat\/web\/wp-json\/wp\/v2\/categories?post=35632"},{"taxonomy":"post_tag","embeddable":true,"href":"https:\/\/fegrama.cat\/web\/wp-json\/wp\/v2\/tags?post=35632"}],"curies":[{"name":"wp","href":"https:\/\/api.w.org\/{rel}","templated":true}]}}