{"id":35628,"date":"2025-05-31T08:41:48","date_gmt":"2025-05-31T07:41:48","guid":{"rendered":"https:\/\/fegrama.cat\/web\/?p=35628"},"modified":"2025-05-31T08:42:06","modified_gmt":"2025-05-31T07:42:06","slug":"roger-peris-renovat","status":"publish","type":"post","link":"https:\/\/fegrama.cat\/web\/roger-peris-renovat\/","title":{"rendered":"Roger Peris, renovat!"},"content":{"rendered":"\n<p><strong><em>L\u2019extrem seguir\u00e0 aportant treball, profunditat i identitat colomenca en una nova temporada com a pe\u00e7a consolidada del primer equip.<\/em><\/strong><\/p>\n\n\n\n<p>La Fundaci\u00f3 Esportiva Grama fa oficial la renovaci\u00f3 de Roger Peris per a la temporada 2025-26. Amb aquest acord, l\u2019extrem colomenc encetar\u00e0 la seva sisena campanya al primer equip.<\/p>\n\n\n\n<p>Amb un total de 123 partits oficials amb la samarreta blava, Peris \u00e9s molt m\u00e9s que un jugador ofensiu: \u00e9s un futbolista comprom\u00e8s, amb una enorme capacitat de treball i un profund coneixement del que representa defensar l\u2019escut de la Grama.<\/p>\n\n\n\n<p>Peris ha estat sempre un perfil gener\u00f3s, amb sacrifici, profunditat i sentit col\u00b7lectiu, qualitats que l\u2019han convertit en una figura estimada pel vestidor, el cos t\u00e8cnic i l\u2019afici\u00f3 colomenca.<\/p>\n\n\n\n<p>Amb la seva continu\u00eftat, el club consolida un dels seus referents en el terreny de joc i un dels m\u00e0xims exponents del #ADNGrama.<\/p>\n\n\n\n<p>Seguim construint des de la identitat. Seguim caminant junts, Peris!<\/p>\n\n\n\n<p>\ud83d\udc99 #\u00c9sLHoraDeLaGrama<br>\ud83d\udcaa #ADNGrama<\/p>\n","protected":false},"excerpt":{"rendered":"<p>L\u2019extrem seguir\u00e0 aportant treball, profunditat i identitat colomenca en una nova temporada com a pe\u00e7a consolidada del primer equip. La Fundaci\u00f3 Esportiva Grama fa oficial la renovaci\u00f3 de Roger Peris per a la temporada 2025-26. Amb aquest acord, l\u2019extrem colomenc encetar\u00e0 la seva sisena campanya al primer equip. Amb un total de 123 partits oficials [&hellip;]<\/p>\n","protected":false},"author":1,"featured_media":35629,"comment_status":"closed","ping_status":"closed","sticky":false,"template":"","format":"standard","meta":{"footnotes":""},"categories":[14,5],"tags":[],"class_list":["post-35628","post","type-post","status-publish","format-standard","has-post-thumbnail","hentry","category-noticies","category-primer-equip"],"_links":{"self":[{"href":"https:\/\/fegrama.cat\/web\/wp-json\/wp\/v2\/posts\/35628","targetHints":{"allow":["GET"]}}],"collection":[{"href":"https:\/\/fegrama.cat\/web\/wp-json\/wp\/v2\/posts"}],"about":[{"href":"https:\/\/fegrama.cat\/web\/wp-json\/wp\/v2\/types\/post"}],"author":[{"embeddable":true,"href":"https:\/\/fegrama.cat\/web\/wp-json\/wp\/v2\/users\/1"}],"replies":[{"embeddable":true,"href":"https:\/\/fegrama.cat\/web\/wp-json\/wp\/v2\/comments?post=35628"}],"version-history":[{"count":2,"href":"https:\/\/fegrama.cat\/web\/wp-json\/wp\/v2\/posts\/35628\/revisions"}],"predecessor-version":[{"id":35631,"href":"https:\/\/fegrama.cat\/web\/wp-json\/wp\/v2\/posts\/35628\/revisions\/35631"}],"wp:featuredmedia":[{"embeddable":true,"href":"https:\/\/fegrama.cat\/web\/wp-json\/wp\/v2\/media\/35629"}],"wp:attachment":[{"href":"https:\/\/fegrama.cat\/web\/wp-json\/wp\/v2\/media?parent=35628"}],"wp:term":[{"taxonomy":"category","embeddable":true,"href":"https:\/\/fegrama.cat\/web\/wp-json\/wp\/v2\/categories?post=35628"},{"taxonomy":"post_tag","embeddable":true,"href":"https:\/\/fegrama.cat\/web\/wp-json\/wp\/v2\/tags?post=35628"}],"curies":[{"name":"wp","href":"https:\/\/api.w.org\/{rel}","templated":true}]}}