{"id":35624,"date":"2025-05-30T22:21:22","date_gmt":"2025-05-30T21:21:22","guid":{"rendered":"https:\/\/fegrama.cat\/web\/?p=35624"},"modified":"2025-05-30T22:21:23","modified_gmt":"2025-05-30T21:21:23","slug":"padillo-renovat","status":"publish","type":"post","link":"https:\/\/fegrama.cat\/web\/padillo-renovat\/","title":{"rendered":"Padillo, renovat!"},"content":{"rendered":"\n<p><em><strong>L\u2019extrem complir\u00e0 la seva tercera temporada a la Fundaci\u00f3 Esportiva Grama i continuar\u00e0 sent una pe\u00e7a important del bloc ofensiu.<\/strong><\/em><\/p>\n\n\n\n<p>La Fundaci\u00f3 Esportiva Grama fa oficial la renovaci\u00f3 de Padillo per a la temporada 2025-26. El futbolista complir\u00e0 aix\u00ed el seu tercer curs com a jugador colomenc, consolidant-se com un dels perfils m\u00e9s desequilibrants de l\u2019atac blau.<\/p>\n\n\n\n<p>Amb velocitat, intensitat i capacitat de ruptura, Padillo ha estat un recurs clau des de les bandes, aportant profunditat i imprevisibilitat al joc ofensiu de l\u2019equip. Des de la seva arribada, ha demostrat un comprom\u00eds inq\u00fcestionable: ha disputat tots els partits de lliga de les dues \u00faltimes temporades, sumant un total de 68 aparicions consecutives amb la samarreta de la Grama.<\/p>\n\n\n\n<p>La seva const\u00e0ncia, entrega i rendiment fan de Padillo una pe\u00e7a fonamental dins del vestidor i sobre la gespa. Amb aquesta renovaci\u00f3, el club continua apostant per una base s\u00f2lida de jugadors identificats amb l\u2019escut i l\u2019estil de joc de la Grama.<\/p>\n\n\n\n<p>Seguim sumant talent, identitat i fam. Seguim sumant, Padillo.<\/p>\n\n\n\n<p>\ud83d\udc99 #\u00c9sLHoraDeLaGrama<br>\ud83d\udcaa #ADNGrama<\/p>\n","protected":false},"excerpt":{"rendered":"<p>L\u2019extrem complir\u00e0 la seva tercera temporada a la Fundaci\u00f3 Esportiva Grama i continuar\u00e0 sent una pe\u00e7a important del bloc ofensiu. La Fundaci\u00f3 Esportiva Grama fa oficial la renovaci\u00f3 de Padillo per a la temporada 2025-26. El futbolista complir\u00e0 aix\u00ed el seu tercer curs com a jugador colomenc, consolidant-se com un dels perfils m\u00e9s desequilibrants de [&hellip;]<\/p>\n","protected":false},"author":1,"featured_media":35625,"comment_status":"closed","ping_status":"closed","sticky":false,"template":"","format":"standard","meta":{"footnotes":""},"categories":[14,5],"tags":[],"class_list":["post-35624","post","type-post","status-publish","format-standard","has-post-thumbnail","hentry","category-noticies","category-primer-equip"],"_links":{"self":[{"href":"https:\/\/fegrama.cat\/web\/wp-json\/wp\/v2\/posts\/35624","targetHints":{"allow":["GET"]}}],"collection":[{"href":"https:\/\/fegrama.cat\/web\/wp-json\/wp\/v2\/posts"}],"about":[{"href":"https:\/\/fegrama.cat\/web\/wp-json\/wp\/v2\/types\/post"}],"author":[{"embeddable":true,"href":"https:\/\/fegrama.cat\/web\/wp-json\/wp\/v2\/users\/1"}],"replies":[{"embeddable":true,"href":"https:\/\/fegrama.cat\/web\/wp-json\/wp\/v2\/comments?post=35624"}],"version-history":[{"count":1,"href":"https:\/\/fegrama.cat\/web\/wp-json\/wp\/v2\/posts\/35624\/revisions"}],"predecessor-version":[{"id":35626,"href":"https:\/\/fegrama.cat\/web\/wp-json\/wp\/v2\/posts\/35624\/revisions\/35626"}],"wp:featuredmedia":[{"embeddable":true,"href":"https:\/\/fegrama.cat\/web\/wp-json\/wp\/v2\/media\/35625"}],"wp:attachment":[{"href":"https:\/\/fegrama.cat\/web\/wp-json\/wp\/v2\/media?parent=35624"}],"wp:term":[{"taxonomy":"category","embeddable":true,"href":"https:\/\/fegrama.cat\/web\/wp-json\/wp\/v2\/categories?post=35624"},{"taxonomy":"post_tag","embeddable":true,"href":"https:\/\/fegrama.cat\/web\/wp-json\/wp\/v2\/tags?post=35624"}],"curies":[{"name":"wp","href":"https:\/\/api.w.org\/{rel}","templated":true}]}}