{"id":35604,"date":"2025-05-27T15:28:25","date_gmt":"2025-05-27T14:28:25","guid":{"rendered":"https:\/\/fegrama.cat\/web\/?p=35604"},"modified":"2025-05-27T15:28:26","modified_gmt":"2025-05-27T14:28:26","slug":"la-porteria-blindada-meca-i-guiu-defensaran-lescut","status":"publish","type":"post","link":"https:\/\/fegrama.cat\/web\/la-porteria-blindada-meca-i-guiu-defensaran-lescut\/","title":{"rendered":"La porteria, blindada: Meca i Guiu defensaran l\u2019escut"},"content":{"rendered":"\n<p><strong><em>La FE Grama assegura el talent i la confian\u00e7a sota pals amb la continu\u00eftat de dos porters de la casa per a la temporada 2025-26.<\/em><\/strong><\/p>\n\n\n\n<p>La FE Grama confirma que <strong>Arnau Meca<\/strong> i <strong>Guiu<\/strong> formaran el t\u00e0ndem de porters per afrontar una temporada 2025-26 plena d\u2019ambici\u00f3 i comprom\u00eds. Dos noms que coneixen a la perfecci\u00f3 qu\u00e8 significa vestir aquesta samarreta i defensar-la des de la posici\u00f3 m\u00e9s exigent del terreny de joc.<\/p>\n\n\n\n<p><strong>Meca<\/strong>, ferm sota pals, seguir\u00e0 defensant la porteria de la Grama i ser\u00e0 la seva 3\u00aa temporada al club. La seva continu\u00eftat representa molt m\u00e9s que un nom: \u00e9s identitat, seguretat i ADN Grama en estat pur.<\/p>\n\n\n\n<p>Al seu costat, <strong>Guiu<\/strong> continuar\u00e0 creixent com a porter a la que ha estat casa seva des de fa 5 temporades. El seu treball i disciplina han fet que es guanyi un lloc al primer equip despr\u00e9s de formar-se a la base de la Grama.<\/p>\n\n\n\n<p>Ambd\u00f3s comparteixen una mateixa missi\u00f3: <strong>protegir la porteria amb orgull, coratge i passi\u00f3 colomenca<\/strong>.<\/p>\n\n\n\n<p>La Grama 25-26 es construeix des del darrere, i la porteria ja t\u00e9 guardians. <strong>#\u00c9sLHoraDeLaGrama<\/strong><\/p>\n\n\n\n<figure class=\"wp-block-gallery has-nested-images columns-default is-cropped wp-block-gallery-1 is-layout-flex wp-block-gallery-is-layout-flex\">\n<figure class=\"wp-block-image size-large\"><a href=\"https:\/\/fegrama.cat\/web\/wp-content\/uploads\/2025\/05\/Meca.png\"><img loading=\"lazy\" decoding=\"async\" width=\"819\" height=\"1024\" data-id=\"35605\" src=\"https:\/\/fegrama.cat\/web\/wp-content\/uploads\/2025\/05\/Meca-819x1024.png\" alt=\"\" class=\"wp-image-35605\" srcset=\"https:\/\/fegrama.cat\/web\/wp-content\/uploads\/2025\/05\/Meca-819x1024.png 819w, https:\/\/fegrama.cat\/web\/wp-content\/uploads\/2025\/05\/Meca-240x300.png 240w, https:\/\/fegrama.cat\/web\/wp-content\/uploads\/2025\/05\/Meca-768x960.png 768w, https:\/\/fegrama.cat\/web\/wp-content\/uploads\/2025\/05\/Meca.png 1080w\" sizes=\"auto, (max-width: 819px) 100vw, 819px\" \/><\/a><\/figure>\n\n\n\n<figure class=\"wp-block-image size-large\"><a href=\"https:\/\/fegrama.cat\/web\/wp-content\/uploads\/2025\/05\/Guiu.png\"><img loading=\"lazy\" decoding=\"async\" width=\"819\" height=\"1024\" data-id=\"35607\" src=\"https:\/\/fegrama.cat\/web\/wp-content\/uploads\/2025\/05\/Guiu-819x1024.png\" alt=\"\" class=\"wp-image-35607\" srcset=\"https:\/\/fegrama.cat\/web\/wp-content\/uploads\/2025\/05\/Guiu-819x1024.png 819w, https:\/\/fegrama.cat\/web\/wp-content\/uploads\/2025\/05\/Guiu-240x300.png 240w, https:\/\/fegrama.cat\/web\/wp-content\/uploads\/2025\/05\/Guiu-768x960.png 768w, https:\/\/fegrama.cat\/web\/wp-content\/uploads\/2025\/05\/Guiu.png 1080w\" sizes=\"auto, (max-width: 819px) 100vw, 819px\" \/><\/a><\/figure>\n<\/figure>\n","protected":false},"excerpt":{"rendered":"<p>La FE Grama assegura el talent i la confian\u00e7a sota pals amb la continu\u00eftat de dos porters de la casa per a la temporada 2025-26. La FE Grama confirma que Arnau Meca i Guiu formaran el t\u00e0ndem de porters per afrontar una temporada 2025-26 plena d\u2019ambici\u00f3 i comprom\u00eds. Dos noms que coneixen a la perfecci\u00f3 [&hellip;]<\/p>\n","protected":false},"author":1,"featured_media":35608,"comment_status":"closed","ping_status":"closed","sticky":false,"template":"","format":"standard","meta":{"footnotes":""},"categories":[14,5],"tags":[],"class_list":["post-35604","post","type-post","status-publish","format-standard","has-post-thumbnail","hentry","category-noticies","category-primer-equip"],"_links":{"self":[{"href":"https:\/\/fegrama.cat\/web\/wp-json\/wp\/v2\/posts\/35604","targetHints":{"allow":["GET"]}}],"collection":[{"href":"https:\/\/fegrama.cat\/web\/wp-json\/wp\/v2\/posts"}],"about":[{"href":"https:\/\/fegrama.cat\/web\/wp-json\/wp\/v2\/types\/post"}],"author":[{"embeddable":true,"href":"https:\/\/fegrama.cat\/web\/wp-json\/wp\/v2\/users\/1"}],"replies":[{"embeddable":true,"href":"https:\/\/fegrama.cat\/web\/wp-json\/wp\/v2\/comments?post=35604"}],"version-history":[{"count":1,"href":"https:\/\/fegrama.cat\/web\/wp-json\/wp\/v2\/posts\/35604\/revisions"}],"predecessor-version":[{"id":35609,"href":"https:\/\/fegrama.cat\/web\/wp-json\/wp\/v2\/posts\/35604\/revisions\/35609"}],"wp:featuredmedia":[{"embeddable":true,"href":"https:\/\/fegrama.cat\/web\/wp-json\/wp\/v2\/media\/35608"}],"wp:attachment":[{"href":"https:\/\/fegrama.cat\/web\/wp-json\/wp\/v2\/media?parent=35604"}],"wp:term":[{"taxonomy":"category","embeddable":true,"href":"https:\/\/fegrama.cat\/web\/wp-json\/wp\/v2\/categories?post=35604"},{"taxonomy":"post_tag","embeddable":true,"href":"https:\/\/fegrama.cat\/web\/wp-json\/wp\/v2\/tags?post=35604"}],"curies":[{"name":"wp","href":"https:\/\/api.w.org\/{rel}","templated":true}]}}