{"id":35361,"date":"2025-02-24T12:54:21","date_gmt":"2025-02-24T11:54:21","guid":{"rendered":"https:\/\/fegrama.cat\/web\/?p=35361"},"modified":"2025-02-24T13:00:58","modified_gmt":"2025-02-24T12:00:58","slug":"cf-montanesa-1-1-fe-grama-escandol-a-lafegit","status":"publish","type":"post","link":"https:\/\/fegrama.cat\/web\/cf-montanesa-1-1-fe-grama-escandol-a-lafegit\/","title":{"rendered":"CF Monta\u00f1esa 1-1 FE Grama: esc\u00e0ndol a l&#8217;afegit"},"content":{"rendered":"\n<p><strong><em>La Grama no suma els 3 punts a Nou Barris perqu\u00e8 l&#8217;\u00e0rbitre anul\u00b7la un gol al minut 100 de partit<\/em><\/strong><\/p>\n\n\n\n<p>Som un club que creu en la honestedat del col\u00b7lectiu arbitral, per\u00f2 la sort dels errors durant aquesta temporada no est\u00e0 amb nosaltres. Al minut 100, Erik Rafael va fer el que hauria suposat l&#8217;1 a 2 i conseq\u00fcentment la vict\u00f2ria de la Grama, per\u00f2 l&#8217;\u00e0rbitre va decidir anul\u00b7lar el gol per a sorpresa de tothom. Gerra d&#8217;aigua freda i repartiment de punts a Nou Barris.<\/p>\n\n\n\n<p>Quan un va a Nou Barris, sap el que es trobar\u00e0. Una graderia que apreta i un joc directe, amb moltes segones jugades i un partit molt intens. La igualtat va ser present des de l&#8217;inici del duel, tot i qu\u00e8 la Grama era qui tenia m\u00e9s la pilota i els apropaments m\u00e9s perillosos. Al 41&#8242; va arribar el gol colomenc, obra de Walid despr\u00e9s d&#8217;una bona assist\u00e8ncia de Yassin. Per\u00f2 dos minuts m\u00e9s tard, la Monta\u00f1esa aconseguiria l&#8217;empat en una jugada de pilota aturada. Descans amb empat a 1 i picabaralla en anar cap a vestidors; l&#8217;expedici\u00f3 colomenca va comen\u00e7ar a rebre tota mena d&#8217;insults i desqualificacions per part d&#8217;aficionats locals presents a la tribuna de Nou Barris.<\/p>\n\n\n\n<p>A la represa, el gui\u00f3 de partit no va canviar. La segona meitat, en general, va estar marcada per constants interrupcions i poques ocasions de gol. Cal destacar la lesi\u00f3 de Sergio despr\u00e9s d&#8217;un xoc amb l&#8217;atacant de la Monta\u00f1esa; el porter colomenc va haver de ser substituit per Arnau Meca.<\/p>\n\n\n\n<p>Tot es va animar a l&#8217;afegit. 9 minuts donen per molt. Primer va intentar colpejar la Monta\u00f1esa i es va topar amb el travesser. I quan pr\u00e0cticament s&#8217;arribava al minut 100 de joc, Padillo va fer una bona jugada per banda, va posar la pilota a l&#8217;interior de l&#8217;\u00e0rea, Pau va guanyar la pilota a l&#8217;aire en un duel i el rebot va caure en un Erik que va fer el gol desviant la traject\u00f2ria de la pilota. L&#8217;\u00e0rbitre va assenyalar una \u00bffalta? que ning\u00fa ent\u00e8n i que invalida el gol, per\u00f2 que deixa un just empat al marcador de Nou Barris.<\/p>\n\n\n\n<p>El proper partit de la FE Grama ser\u00e0 diumenge a les 12:00h a Riudarenes; ens enfrontarem al Girona FC \u00abB\u00bb. Hem de seguir, Grama! 11 finals. M\u00e0xima confian\u00e7a i a per totes, equip!<\/p>\n\n\n\n<figure class=\"wp-block-embed is-type-rich is-provider-twitter wp-block-embed-twitter\"><div class=\"wp-block-embed__wrapper\">\n<blockquote class=\"twitter-tweet\" data-width=\"550\" data-dnt=\"true\"><p lang=\"es\" dir=\"ltr\">\ud83e\udd14 \u00bfPor qu\u00e9 se ha anulado este gol a la Grama, estando el \u00e1rbitro a 1m de la jugada y su l\u00ednier corriendo al centro del campo dando por v\u00e1lido el gol?<br><br>\ud83e\udd1d Aunque somos una entidad que creemos en la honestidad del colectivo arbitral, la suerte de los errores no est\u00e1 con nosotros. <a href=\"https:\/\/t.co\/1cE0SfH1WA\">pic.twitter.com\/1cE0SfH1WA<\/a><\/p>&mdash; Fundaci\u00f3 Esportiva Grama (@FundacioGrama) <a href=\"https:\/\/twitter.com\/FundacioGrama\/status\/1893769169692217438?ref_src=twsrc%5Etfw\">February 23, 2025<\/a><\/blockquote><script async src=\"https:\/\/platform.twitter.com\/widgets.js\" charset=\"utf-8\"><\/script>\n<\/div><\/figure>\n\n\n\n<figure class=\"wp-block-gallery has-nested-images columns-default is-cropped wp-block-gallery-1 is-layout-flex wp-block-gallery-is-layout-flex\">\n<figure class=\"wp-block-image size-large\"><a href=\"https:\/\/fegrama.cat\/web\/wp-content\/uploads\/2025\/02\/MontanesaGrama-48-scaled.jpg\"><img loading=\"lazy\" decoding=\"async\" width=\"1024\" height=\"683\" data-id=\"35367\" src=\"https:\/\/fegrama.cat\/web\/wp-content\/uploads\/2025\/02\/MontanesaGrama-48-1024x683.jpg\" alt=\"\" class=\"wp-image-35367\" srcset=\"https:\/\/fegrama.cat\/web\/wp-content\/uploads\/2025\/02\/MontanesaGrama-48-1024x683.jpg 1024w, https:\/\/fegrama.cat\/web\/wp-content\/uploads\/2025\/02\/MontanesaGrama-48-300x200.jpg 300w, https:\/\/fegrama.cat\/web\/wp-content\/uploads\/2025\/02\/MontanesaGrama-48-768x512.jpg 768w, https:\/\/fegrama.cat\/web\/wp-content\/uploads\/2025\/02\/MontanesaGrama-48-1536x1024.jpg 1536w, https:\/\/fegrama.cat\/web\/wp-content\/uploads\/2025\/02\/MontanesaGrama-48-2048x1365.jpg 2048w, https:\/\/fegrama.cat\/web\/wp-content\/uploads\/2025\/02\/MontanesaGrama-48-1200x800.jpg 1200w, https:\/\/fegrama.cat\/web\/wp-content\/uploads\/2025\/02\/MontanesaGrama-48-1980x1320.jpg 1980w\" sizes=\"auto, (max-width: 1024px) 100vw, 1024px\" \/><\/a><\/figure>\n\n\n\n<figure class=\"wp-block-image size-large\"><a href=\"https:\/\/fegrama.cat\/web\/wp-content\/uploads\/2025\/02\/MontanesaGrama-53-scaled.jpg\"><img loading=\"lazy\" decoding=\"async\" width=\"1024\" height=\"683\" data-id=\"35365\" src=\"https:\/\/fegrama.cat\/web\/wp-content\/uploads\/2025\/02\/MontanesaGrama-53-1024x683.jpg\" alt=\"\" class=\"wp-image-35365\" srcset=\"https:\/\/fegrama.cat\/web\/wp-content\/uploads\/2025\/02\/MontanesaGrama-53-1024x683.jpg 1024w, https:\/\/fegrama.cat\/web\/wp-content\/uploads\/2025\/02\/MontanesaGrama-53-300x200.jpg 300w, https:\/\/fegrama.cat\/web\/wp-content\/uploads\/2025\/02\/MontanesaGrama-53-768x512.jpg 768w, https:\/\/fegrama.cat\/web\/wp-content\/uploads\/2025\/02\/MontanesaGrama-53-1536x1024.jpg 1536w, https:\/\/fegrama.cat\/web\/wp-content\/uploads\/2025\/02\/MontanesaGrama-53-2048x1365.jpg 2048w, https:\/\/fegrama.cat\/web\/wp-content\/uploads\/2025\/02\/MontanesaGrama-53-1200x800.jpg 1200w, https:\/\/fegrama.cat\/web\/wp-content\/uploads\/2025\/02\/MontanesaGrama-53-1980x1320.jpg 1980w\" sizes=\"auto, (max-width: 1024px) 100vw, 1024px\" \/><\/a><\/figure>\n\n\n\n<figure class=\"wp-block-image size-large\"><a href=\"https:\/\/fegrama.cat\/web\/wp-content\/uploads\/2025\/02\/MontanesaGrama-63-scaled.jpg\"><img loading=\"lazy\" decoding=\"async\" width=\"1024\" height=\"683\" data-id=\"35366\" src=\"https:\/\/fegrama.cat\/web\/wp-content\/uploads\/2025\/02\/MontanesaGrama-63-1024x683.jpg\" alt=\"\" class=\"wp-image-35366\" srcset=\"https:\/\/fegrama.cat\/web\/wp-content\/uploads\/2025\/02\/MontanesaGrama-63-1024x683.jpg 1024w, https:\/\/fegrama.cat\/web\/wp-content\/uploads\/2025\/02\/MontanesaGrama-63-300x200.jpg 300w, https:\/\/fegrama.cat\/web\/wp-content\/uploads\/2025\/02\/MontanesaGrama-63-768x512.jpg 768w, https:\/\/fegrama.cat\/web\/wp-content\/uploads\/2025\/02\/MontanesaGrama-63-1536x1024.jpg 1536w, https:\/\/fegrama.cat\/web\/wp-content\/uploads\/2025\/02\/MontanesaGrama-63-2048x1365.jpg 2048w, https:\/\/fegrama.cat\/web\/wp-content\/uploads\/2025\/02\/MontanesaGrama-63-1200x800.jpg 1200w, https:\/\/fegrama.cat\/web\/wp-content\/uploads\/2025\/02\/MontanesaGrama-63-1980x1320.jpg 1980w\" sizes=\"auto, (max-width: 1024px) 100vw, 1024px\" \/><\/a><\/figure>\n\n\n\n<figure class=\"wp-block-image size-large\"><a href=\"https:\/\/fegrama.cat\/web\/wp-content\/uploads\/2025\/02\/MontanesaGrama-90-scaled.jpg\"><img loading=\"lazy\" decoding=\"async\" width=\"1024\" height=\"683\" data-id=\"35363\" src=\"https:\/\/fegrama.cat\/web\/wp-content\/uploads\/2025\/02\/MontanesaGrama-90-1024x683.jpg\" alt=\"\" class=\"wp-image-35363\" srcset=\"https:\/\/fegrama.cat\/web\/wp-content\/uploads\/2025\/02\/MontanesaGrama-90-1024x683.jpg 1024w, https:\/\/fegrama.cat\/web\/wp-content\/uploads\/2025\/02\/MontanesaGrama-90-300x200.jpg 300w, https:\/\/fegrama.cat\/web\/wp-content\/uploads\/2025\/02\/MontanesaGrama-90-768x512.jpg 768w, https:\/\/fegrama.cat\/web\/wp-content\/uploads\/2025\/02\/MontanesaGrama-90-1536x1024.jpg 1536w, https:\/\/fegrama.cat\/web\/wp-content\/uploads\/2025\/02\/MontanesaGrama-90-2048x1365.jpg 2048w, https:\/\/fegrama.cat\/web\/wp-content\/uploads\/2025\/02\/MontanesaGrama-90-1200x800.jpg 1200w, https:\/\/fegrama.cat\/web\/wp-content\/uploads\/2025\/02\/MontanesaGrama-90-1980x1320.jpg 1980w\" sizes=\"auto, (max-width: 1024px) 100vw, 1024px\" \/><\/a><\/figure>\n\n\n\n<figure class=\"wp-block-image size-large\"><a href=\"https:\/\/fegrama.cat\/web\/wp-content\/uploads\/2025\/02\/MontanesaGrama-113-scaled.jpg\"><img loading=\"lazy\" decoding=\"async\" width=\"1024\" height=\"683\" data-id=\"35364\" src=\"https:\/\/fegrama.cat\/web\/wp-content\/uploads\/2025\/02\/MontanesaGrama-113-1024x683.jpg\" alt=\"\" class=\"wp-image-35364\" srcset=\"https:\/\/fegrama.cat\/web\/wp-content\/uploads\/2025\/02\/MontanesaGrama-113-1024x683.jpg 1024w, https:\/\/fegrama.cat\/web\/wp-content\/uploads\/2025\/02\/MontanesaGrama-113-300x200.jpg 300w, https:\/\/fegrama.cat\/web\/wp-content\/uploads\/2025\/02\/MontanesaGrama-113-768x512.jpg 768w, https:\/\/fegrama.cat\/web\/wp-content\/uploads\/2025\/02\/MontanesaGrama-113-1536x1024.jpg 1536w, https:\/\/fegrama.cat\/web\/wp-content\/uploads\/2025\/02\/MontanesaGrama-113-2048x1365.jpg 2048w, https:\/\/fegrama.cat\/web\/wp-content\/uploads\/2025\/02\/MontanesaGrama-113-1200x800.jpg 1200w, https:\/\/fegrama.cat\/web\/wp-content\/uploads\/2025\/02\/MontanesaGrama-113-1980x1320.jpg 1980w\" sizes=\"auto, (max-width: 1024px) 100vw, 1024px\" \/><\/a><\/figure>\n\n\n\n<figure class=\"wp-block-image size-large\"><a href=\"https:\/\/fegrama.cat\/web\/wp-content\/uploads\/2025\/02\/MontanesaGrama-114-scaled.jpg\"><img loading=\"lazy\" decoding=\"async\" width=\"1024\" height=\"683\" data-id=\"35362\" src=\"https:\/\/fegrama.cat\/web\/wp-content\/uploads\/2025\/02\/MontanesaGrama-114-1024x683.jpg\" alt=\"\" class=\"wp-image-35362\" srcset=\"https:\/\/fegrama.cat\/web\/wp-content\/uploads\/2025\/02\/MontanesaGrama-114-1024x683.jpg 1024w, https:\/\/fegrama.cat\/web\/wp-content\/uploads\/2025\/02\/MontanesaGrama-114-300x200.jpg 300w, https:\/\/fegrama.cat\/web\/wp-content\/uploads\/2025\/02\/MontanesaGrama-114-768x512.jpg 768w, https:\/\/fegrama.cat\/web\/wp-content\/uploads\/2025\/02\/MontanesaGrama-114-1536x1024.jpg 1536w, https:\/\/fegrama.cat\/web\/wp-content\/uploads\/2025\/02\/MontanesaGrama-114-2048x1365.jpg 2048w, https:\/\/fegrama.cat\/web\/wp-content\/uploads\/2025\/02\/MontanesaGrama-114-1200x800.jpg 1200w, https:\/\/fegrama.cat\/web\/wp-content\/uploads\/2025\/02\/MontanesaGrama-114-1980x1320.jpg 1980w\" sizes=\"auto, (max-width: 1024px) 100vw, 1024px\" \/><\/a><\/figure>\n\n\n\n<figure class=\"wp-block-image size-large\"><a href=\"https:\/\/fegrama.cat\/web\/wp-content\/uploads\/2025\/02\/MontanesaGrama-160-scaled.jpg\"><img loading=\"lazy\" decoding=\"async\" width=\"1024\" height=\"683\" data-id=\"35369\" src=\"https:\/\/fegrama.cat\/web\/wp-content\/uploads\/2025\/02\/MontanesaGrama-160-1024x683.jpg\" alt=\"\" class=\"wp-image-35369\" srcset=\"https:\/\/fegrama.cat\/web\/wp-content\/uploads\/2025\/02\/MontanesaGrama-160-1024x683.jpg 1024w, https:\/\/fegrama.cat\/web\/wp-content\/uploads\/2025\/02\/MontanesaGrama-160-300x200.jpg 300w, https:\/\/fegrama.cat\/web\/wp-content\/uploads\/2025\/02\/MontanesaGrama-160-768x512.jpg 768w, https:\/\/fegrama.cat\/web\/wp-content\/uploads\/2025\/02\/MontanesaGrama-160-1536x1024.jpg 1536w, https:\/\/fegrama.cat\/web\/wp-content\/uploads\/2025\/02\/MontanesaGrama-160-2048x1365.jpg 2048w, https:\/\/fegrama.cat\/web\/wp-content\/uploads\/2025\/02\/MontanesaGrama-160-1200x800.jpg 1200w, https:\/\/fegrama.cat\/web\/wp-content\/uploads\/2025\/02\/MontanesaGrama-160-1980x1320.jpg 1980w\" sizes=\"auto, (max-width: 1024px) 100vw, 1024px\" \/><\/a><\/figure>\n\n\n\n<figure class=\"wp-block-image size-large\"><a href=\"https:\/\/fegrama.cat\/web\/wp-content\/uploads\/2025\/02\/MontanesaGrama-162-scaled.jpg\"><img loading=\"lazy\" decoding=\"async\" width=\"1024\" height=\"683\" data-id=\"35368\" src=\"https:\/\/fegrama.cat\/web\/wp-content\/uploads\/2025\/02\/MontanesaGrama-162-1024x683.jpg\" alt=\"\" class=\"wp-image-35368\" srcset=\"https:\/\/fegrama.cat\/web\/wp-content\/uploads\/2025\/02\/MontanesaGrama-162-1024x683.jpg 1024w, https:\/\/fegrama.cat\/web\/wp-content\/uploads\/2025\/02\/MontanesaGrama-162-300x200.jpg 300w, https:\/\/fegrama.cat\/web\/wp-content\/uploads\/2025\/02\/MontanesaGrama-162-768x512.jpg 768w, https:\/\/fegrama.cat\/web\/wp-content\/uploads\/2025\/02\/MontanesaGrama-162-1536x1024.jpg 1536w, https:\/\/fegrama.cat\/web\/wp-content\/uploads\/2025\/02\/MontanesaGrama-162-2048x1365.jpg 2048w, https:\/\/fegrama.cat\/web\/wp-content\/uploads\/2025\/02\/MontanesaGrama-162-1200x800.jpg 1200w, https:\/\/fegrama.cat\/web\/wp-content\/uploads\/2025\/02\/MontanesaGrama-162-1980x1320.jpg 1980w\" sizes=\"auto, (max-width: 1024px) 100vw, 1024px\" \/><\/a><\/figure>\n\n\n\n<figure class=\"wp-block-image size-large\"><a href=\"https:\/\/fegrama.cat\/web\/wp-content\/uploads\/2025\/02\/MontanesaGrama-164-scaled.jpg\"><img loading=\"lazy\" decoding=\"async\" width=\"1024\" height=\"683\" data-id=\"35371\" src=\"https:\/\/fegrama.cat\/web\/wp-content\/uploads\/2025\/02\/MontanesaGrama-164-1024x683.jpg\" alt=\"\" class=\"wp-image-35371\" srcset=\"https:\/\/fegrama.cat\/web\/wp-content\/uploads\/2025\/02\/MontanesaGrama-164-1024x683.jpg 1024w, https:\/\/fegrama.cat\/web\/wp-content\/uploads\/2025\/02\/MontanesaGrama-164-300x200.jpg 300w, https:\/\/fegrama.cat\/web\/wp-content\/uploads\/2025\/02\/MontanesaGrama-164-768x512.jpg 768w, https:\/\/fegrama.cat\/web\/wp-content\/uploads\/2025\/02\/MontanesaGrama-164-1536x1024.jpg 1536w, https:\/\/fegrama.cat\/web\/wp-content\/uploads\/2025\/02\/MontanesaGrama-164-2048x1365.jpg 2048w, https:\/\/fegrama.cat\/web\/wp-content\/uploads\/2025\/02\/MontanesaGrama-164-1200x800.jpg 1200w, https:\/\/fegrama.cat\/web\/wp-content\/uploads\/2025\/02\/MontanesaGrama-164-1980x1320.jpg 1980w\" sizes=\"auto, (max-width: 1024px) 100vw, 1024px\" \/><\/a><\/figure>\n\n\n\n<figure class=\"wp-block-image size-large\"><a href=\"https:\/\/fegrama.cat\/web\/wp-content\/uploads\/2025\/02\/MontanesaGrama-199-scaled.jpg\"><img loading=\"lazy\" decoding=\"async\" width=\"1024\" height=\"683\" data-id=\"35372\" src=\"https:\/\/fegrama.cat\/web\/wp-content\/uploads\/2025\/02\/MontanesaGrama-199-1024x683.jpg\" alt=\"\" class=\"wp-image-35372\" srcset=\"https:\/\/fegrama.cat\/web\/wp-content\/uploads\/2025\/02\/MontanesaGrama-199-1024x683.jpg 1024w, https:\/\/fegrama.cat\/web\/wp-content\/uploads\/2025\/02\/MontanesaGrama-199-300x200.jpg 300w, https:\/\/fegrama.cat\/web\/wp-content\/uploads\/2025\/02\/MontanesaGrama-199-768x512.jpg 768w, https:\/\/fegrama.cat\/web\/wp-content\/uploads\/2025\/02\/MontanesaGrama-199-1536x1024.jpg 1536w, https:\/\/fegrama.cat\/web\/wp-content\/uploads\/2025\/02\/MontanesaGrama-199-2048x1365.jpg 2048w, https:\/\/fegrama.cat\/web\/wp-content\/uploads\/2025\/02\/MontanesaGrama-199-1200x800.jpg 1200w, https:\/\/fegrama.cat\/web\/wp-content\/uploads\/2025\/02\/MontanesaGrama-199-1980x1320.jpg 1980w\" sizes=\"auto, (max-width: 1024px) 100vw, 1024px\" \/><\/a><\/figure>\n\n\n\n<figure class=\"wp-block-image size-large\"><a href=\"https:\/\/fegrama.cat\/web\/wp-content\/uploads\/2025\/02\/MontanesaGrama-202-scaled.jpg\"><img loading=\"lazy\" decoding=\"async\" width=\"1024\" height=\"683\" data-id=\"35373\" src=\"https:\/\/fegrama.cat\/web\/wp-content\/uploads\/2025\/02\/MontanesaGrama-202-1024x683.jpg\" alt=\"\" class=\"wp-image-35373\" srcset=\"https:\/\/fegrama.cat\/web\/wp-content\/uploads\/2025\/02\/MontanesaGrama-202-1024x683.jpg 1024w, https:\/\/fegrama.cat\/web\/wp-content\/uploads\/2025\/02\/MontanesaGrama-202-300x200.jpg 300w, https:\/\/fegrama.cat\/web\/wp-content\/uploads\/2025\/02\/MontanesaGrama-202-768x512.jpg 768w, https:\/\/fegrama.cat\/web\/wp-content\/uploads\/2025\/02\/MontanesaGrama-202-1536x1024.jpg 1536w, https:\/\/fegrama.cat\/web\/wp-content\/uploads\/2025\/02\/MontanesaGrama-202-2048x1365.jpg 2048w, https:\/\/fegrama.cat\/web\/wp-content\/uploads\/2025\/02\/MontanesaGrama-202-1200x800.jpg 1200w, https:\/\/fegrama.cat\/web\/wp-content\/uploads\/2025\/02\/MontanesaGrama-202-1980x1320.jpg 1980w\" sizes=\"auto, (max-width: 1024px) 100vw, 1024px\" \/><\/a><\/figure>\n\n\n\n<figure class=\"wp-block-image size-large\"><a href=\"https:\/\/fegrama.cat\/web\/wp-content\/uploads\/2025\/02\/MontanesaGrama-239-scaled.jpg\"><img loading=\"lazy\" decoding=\"async\" width=\"1024\" height=\"683\" data-id=\"35370\" src=\"https:\/\/fegrama.cat\/web\/wp-content\/uploads\/2025\/02\/MontanesaGrama-239-1024x683.jpg\" alt=\"\" class=\"wp-image-35370\" srcset=\"https:\/\/fegrama.cat\/web\/wp-content\/uploads\/2025\/02\/MontanesaGrama-239-1024x683.jpg 1024w, https:\/\/fegrama.cat\/web\/wp-content\/uploads\/2025\/02\/MontanesaGrama-239-300x200.jpg 300w, https:\/\/fegrama.cat\/web\/wp-content\/uploads\/2025\/02\/MontanesaGrama-239-768x512.jpg 768w, https:\/\/fegrama.cat\/web\/wp-content\/uploads\/2025\/02\/MontanesaGrama-239-1536x1024.jpg 1536w, https:\/\/fegrama.cat\/web\/wp-content\/uploads\/2025\/02\/MontanesaGrama-239-2048x1365.jpg 2048w, https:\/\/fegrama.cat\/web\/wp-content\/uploads\/2025\/02\/MontanesaGrama-239-1200x800.jpg 1200w, https:\/\/fegrama.cat\/web\/wp-content\/uploads\/2025\/02\/MontanesaGrama-239-1980x1320.jpg 1980w\" sizes=\"auto, (max-width: 1024px) 100vw, 1024px\" \/><\/a><\/figure>\n<\/figure>\n","protected":false},"excerpt":{"rendered":"<p>La Grama no suma els 3 punts a Nou Barris perqu\u00e8 l&#8217;\u00e0rbitre anul\u00b7la un gol al minut 100 de partit Som un club que creu en la honestedat del col\u00b7lectiu arbitral, per\u00f2 la sort dels errors durant aquesta temporada no est\u00e0 amb nosaltres. Al minut 100, Erik Rafael va fer el que hauria suposat l&#8217;1 [&hellip;]<\/p>\n","protected":false},"author":1,"featured_media":35373,"comment_status":"closed","ping_status":"closed","sticky":false,"template":"","format":"standard","meta":{"footnotes":""},"categories":[14,5],"tags":[],"class_list":["post-35361","post","type-post","status-publish","format-standard","has-post-thumbnail","hentry","category-noticies","category-primer-equip"],"_links":{"self":[{"href":"https:\/\/fegrama.cat\/web\/wp-json\/wp\/v2\/posts\/35361","targetHints":{"allow":["GET"]}}],"collection":[{"href":"https:\/\/fegrama.cat\/web\/wp-json\/wp\/v2\/posts"}],"about":[{"href":"https:\/\/fegrama.cat\/web\/wp-json\/wp\/v2\/types\/post"}],"author":[{"embeddable":true,"href":"https:\/\/fegrama.cat\/web\/wp-json\/wp\/v2\/users\/1"}],"replies":[{"embeddable":true,"href":"https:\/\/fegrama.cat\/web\/wp-json\/wp\/v2\/comments?post=35361"}],"version-history":[{"count":2,"href":"https:\/\/fegrama.cat\/web\/wp-json\/wp\/v2\/posts\/35361\/revisions"}],"predecessor-version":[{"id":35376,"href":"https:\/\/fegrama.cat\/web\/wp-json\/wp\/v2\/posts\/35361\/revisions\/35376"}],"wp:featuredmedia":[{"embeddable":true,"href":"https:\/\/fegrama.cat\/web\/wp-json\/wp\/v2\/media\/35373"}],"wp:attachment":[{"href":"https:\/\/fegrama.cat\/web\/wp-json\/wp\/v2\/media?parent=35361"}],"wp:term":[{"taxonomy":"category","embeddable":true,"href":"https:\/\/fegrama.cat\/web\/wp-json\/wp\/v2\/categories?post=35361"},{"taxonomy":"post_tag","embeddable":true,"href":"https:\/\/fegrama.cat\/web\/wp-json\/wp\/v2\/tags?post=35361"}],"curies":[{"name":"wp","href":"https:\/\/api.w.org\/{rel}","templated":true}]}}