{"id":35310,"date":"2025-02-09T23:02:02","date_gmt":"2025-02-09T22:02:02","guid":{"rendered":"https:\/\/fegrama.cat\/web\/?p=35310"},"modified":"2025-02-12T13:45:35","modified_gmt":"2025-02-12T12:45:35","slug":"entrades-fe-grama-ae-prat","status":"publish","type":"post","link":"https:\/\/fegrama.cat\/web\/entrades-fe-grama-ae-prat\/","title":{"rendered":"Informaci\u00f3 d&#8217;entrades | FE Grama &#8211; AE Prat"},"content":{"rendered":"\n<p>La Fundaci\u00f3 Esportiva Grama organitza una jornada especial de cara al partit d\u2019aquesta setmana. Rebrem la visita de l\u2019AE Prat en el nostre horari habitual: diumenge a partir de les 11:45h.<\/p>\n\n\n\n<p>Volem rebre el m\u00e0xim suport a l&#8217;Estadi i \u00e9s per aix\u00f2 que els menors de 20 anys podran accedir gratu\u00eftament al Municipal de la Grama. Les invitacions es poden aconseguir a les seg\u00fcents ubicacions:<\/p>\n\n\n\n<ul class=\"wp-block-list\">\n<li>Instituts de Santa Coloma<\/li>\n\n\n\n<li>Casals i centres c\u00edvics<\/li>\n\n\n\n<li>Poliesportius Municipals<\/li>\n\n\n\n<li>Casal dels Infants<\/li>\n\n\n\n<li>Llaminadures Chu-Ches.<\/li>\n<\/ul>\n\n\n\n<p>Aix\u00ed mateix, es podran recollir a les oficines del Municipal de la Grama (dilluns, dimarts, dijous i divendres; de 17:30h a 21h). Si no pots recollir la teva invitaci\u00f3 als llocs de recollida, envia&#8217;ns un e-mail a fundaciograma@gmail.com i te la farem arribar. <\/p>\n\n\n\n<p>El dia de partit tamb\u00e9 estaran disponibles a les taquilles de l\u2019Estadi, per\u00f2 des del club recomanem obtindre la invitaci\u00f3 anticipadament al llarg de la setmana. Us esperem al Municipal de la Grama per viure una gran jornada plegats!<\/p>\n\n\n\n<p>(Castellano)<\/p>\n\n\n\n<p>La Fundaci\u00f3 Esportiva Grama organiza una jornada especial de cara al partido de esta semana. Recibiremos la visita del AE Prat en nuestro horario habitual: el domingo a partir de las 11:45h.<\/p>\n\n\n\n<p>Queremos recibir el m\u00e1ximo apoyo en el Estadio y por eso los menores de 20 a\u00f1os podr\u00e1n acceder gratuitamente al Municipal de la Grama. Las invitaciones se pueden conseguir en las siguientes ubicaciones:<\/p>\n\n\n\n<p>Institutos de Santa Coloma<\/p>\n\n\n\n<p>Casales y centros c\u00edvicos<\/p>\n\n\n\n<p>Polideportivos Municipales<\/p>\n\n\n\n<p>Casal dels Infants<\/p>\n\n\n\n<p>Golosinas Chu-Ches.<\/p>\n\n\n\n<p>Asimismo, se podr\u00e1n recoger en las oficinas del Municipal de la Grama (lunes, martes, jueves y viernes; de 17:30h a 21h). Si no puedes recoger tu invitaci\u00f3n en los sitios de recogida, env\u00edanos un e-mail a fundaciograma@gmail.com y te la haremos llegar.<\/p>\n\n\n\n<p>El d\u00eda de partido tambi\u00e9n estar\u00e1n disponibles en las taquillas del Estadio, pero desde el club recomendamos obtener la invitaci\u00f3n anticipadamente a lo largo de la semana. \u00a1Os esperamos en el Municipal de la Grama para vivir una gran jornada juntos!<\/p>\n","protected":false},"excerpt":{"rendered":"<p>La Fundaci\u00f3 Esportiva Grama organitza una jornada especial de cara al partit d\u2019aquesta setmana. Rebrem la visita de l\u2019AE Prat en el nostre horari habitual: diumenge a partir de les 11:45h. Volem rebre el m\u00e0xim suport a l&#8217;Estadi i \u00e9s per aix\u00f2 que els menors de 20 anys podran accedir gratu\u00eftament al Municipal de la [&hellip;]<\/p>\n","protected":false},"author":1,"featured_media":35330,"comment_status":"closed","ping_status":"closed","sticky":false,"template":"","format":"standard","meta":{"footnotes":""},"categories":[14,5,1],"tags":[],"class_list":["post-35310","post","type-post","status-publish","format-standard","has-post-thumbnail","hentry","category-noticies","category-primer-equip","category-uncategorized"],"_links":{"self":[{"href":"https:\/\/fegrama.cat\/web\/wp-json\/wp\/v2\/posts\/35310","targetHints":{"allow":["GET"]}}],"collection":[{"href":"https:\/\/fegrama.cat\/web\/wp-json\/wp\/v2\/posts"}],"about":[{"href":"https:\/\/fegrama.cat\/web\/wp-json\/wp\/v2\/types\/post"}],"author":[{"embeddable":true,"href":"https:\/\/fegrama.cat\/web\/wp-json\/wp\/v2\/users\/1"}],"replies":[{"embeddable":true,"href":"https:\/\/fegrama.cat\/web\/wp-json\/wp\/v2\/comments?post=35310"}],"version-history":[{"count":3,"href":"https:\/\/fegrama.cat\/web\/wp-json\/wp\/v2\/posts\/35310\/revisions"}],"predecessor-version":[{"id":35329,"href":"https:\/\/fegrama.cat\/web\/wp-json\/wp\/v2\/posts\/35310\/revisions\/35329"}],"wp:featuredmedia":[{"embeddable":true,"href":"https:\/\/fegrama.cat\/web\/wp-json\/wp\/v2\/media\/35330"}],"wp:attachment":[{"href":"https:\/\/fegrama.cat\/web\/wp-json\/wp\/v2\/media?parent=35310"}],"wp:term":[{"taxonomy":"category","embeddable":true,"href":"https:\/\/fegrama.cat\/web\/wp-json\/wp\/v2\/categories?post=35310"},{"taxonomy":"post_tag","embeddable":true,"href":"https:\/\/fegrama.cat\/web\/wp-json\/wp\/v2\/tags?post=35310"}],"curies":[{"name":"wp","href":"https:\/\/api.w.org\/{rel}","templated":true}]}}