{"id":34670,"date":"2024-07-09T07:44:31","date_gmt":"2024-07-09T06:44:31","guid":{"rendered":"http:\/\/fegrama.cat\/web\/?p=34670"},"modified":"2024-07-18T21:49:39","modified_gmt":"2024-07-18T20:49:39","slug":"gerardo-morales-nou-jugador-de-la-grama","status":"publish","type":"post","link":"https:\/\/fegrama.cat\/web\/gerardo-morales-nou-jugador-de-la-grama\/","title":{"rendered":"Gerardo Morales, nou jugador de la Grama"},"content":{"rendered":"\n<p>Gerardo Morales es converteix en el segon fitxatge de la Fundaci\u00f3 Esportiva Grama de cara a la temporada 2024-25. El jugador arriba procedent del Club Atl\u00e9tico Uni\u00f3n, equip de la provincia de San Juan, a l&#8217;Argentina. \u00c9s un davanter centre corpulent i fort, capa\u00e7 de lluitar constantment amb la defensa rival per fer-se amb la pilota. Aix\u00ed mateix, t\u00e9 olfacte de gol i arriba a la Grama amb moltes ganes de sumar a l&#8217;equip per aconseguir els objectius.<\/p>\n\n\n\n<p>Bienvenido a la Grama, Gerardo!<\/p>\n\n\n\n<figure class=\"wp-block-video\"><video controls src=\"http:\/\/fegrama.cat\/web\/wp-content\/uploads\/2024\/07\/WhatsApp-Video-2024-07-08-at-22.58.061.mp4\"><\/video><\/figure>\n\n\n\n<figure class=\"wp-block-video\"><video controls src=\"http:\/\/fegrama.cat\/web\/wp-content\/uploads\/2024\/07\/WhatsApp-Video-2024-07-08-at-22.58.06.mp4\"><\/video><\/figure>\n\n\n\n<p>Gerardo Morales se convierte en el segundo fichaje de la Fundaci\u00f3 Esportiva Grama de cara a la temporada 2024-25. El jugador llega procedente del Club Atl\u00e9tico Uni\u00f3n, equipo de la provincia de San Juan, en Argentina. Es un delantero centro corpulento y fuerte, capaz de luchar constantemente con la defensa rival para hacerse con el bal\u00f3n. Asimismo, tiene olfato de gol y llega a la Grama con muchas ganas de sumar al equipo para conseguir los objetivos.<\/p>\n\n\n\n<p>Bienvenido a la Grama, Gerardo!<\/p>\n","protected":false},"excerpt":{"rendered":"<p>Gerardo Morales es converteix en el segon fitxatge de la Fundaci\u00f3 Esportiva Grama de cara a la temporada 2024-25. El jugador arriba procedent del Club Atl\u00e9tico Uni\u00f3n, equip de la provincia de San Juan, a l&#8217;Argentina. \u00c9s un davanter centre corpulent i fort, capa\u00e7 de lluitar constantment amb la defensa rival per fer-se amb la [&hellip;]<\/p>\n","protected":false},"author":1,"featured_media":34674,"comment_status":"closed","ping_status":"closed","sticky":false,"template":"","format":"standard","meta":{"footnotes":""},"categories":[14,5],"tags":[],"class_list":["post-34670","post","type-post","status-publish","format-standard","has-post-thumbnail","hentry","category-noticies","category-primer-equip"],"_links":{"self":[{"href":"https:\/\/fegrama.cat\/web\/wp-json\/wp\/v2\/posts\/34670","targetHints":{"allow":["GET"]}}],"collection":[{"href":"https:\/\/fegrama.cat\/web\/wp-json\/wp\/v2\/posts"}],"about":[{"href":"https:\/\/fegrama.cat\/web\/wp-json\/wp\/v2\/types\/post"}],"author":[{"embeddable":true,"href":"https:\/\/fegrama.cat\/web\/wp-json\/wp\/v2\/users\/1"}],"replies":[{"embeddable":true,"href":"https:\/\/fegrama.cat\/web\/wp-json\/wp\/v2\/comments?post=34670"}],"version-history":[{"count":1,"href":"https:\/\/fegrama.cat\/web\/wp-json\/wp\/v2\/posts\/34670\/revisions"}],"predecessor-version":[{"id":34673,"href":"https:\/\/fegrama.cat\/web\/wp-json\/wp\/v2\/posts\/34670\/revisions\/34673"}],"wp:featuredmedia":[{"embeddable":true,"href":"https:\/\/fegrama.cat\/web\/wp-json\/wp\/v2\/media\/34674"}],"wp:attachment":[{"href":"https:\/\/fegrama.cat\/web\/wp-json\/wp\/v2\/media?parent=34670"}],"wp:term":[{"taxonomy":"category","embeddable":true,"href":"https:\/\/fegrama.cat\/web\/wp-json\/wp\/v2\/categories?post=34670"},{"taxonomy":"post_tag","embeddable":true,"href":"https:\/\/fegrama.cat\/web\/wp-json\/wp\/v2\/tags?post=34670"}],"curies":[{"name":"wp","href":"https:\/\/api.w.org\/{rel}","templated":true}]}}