{"id":34664,"date":"2024-06-27T14:30:19","date_gmt":"2024-06-27T13:30:19","guid":{"rendered":"http:\/\/fegrama.cat\/web\/?p=34664"},"modified":"2024-06-27T14:30:19","modified_gmt":"2024-06-27T13:30:19","slug":"la-grama-no-jugara-la-copa-catalunya-fins-a-loctubre","status":"publish","type":"post","link":"https:\/\/fegrama.cat\/web\/la-grama-no-jugara-la-copa-catalunya-fins-a-loctubre\/","title":{"rendered":"La Grama no jugar\u00e0 la Copa Catalunya fins a l&#8217;octubre"},"content":{"rendered":"\n<p><em><strong>Arran del canvi de format aprovat per la Federaci\u00f3 Catalana de Futbol, la FE Grama no entrar\u00e0 al quadre de competici\u00f3 fins al mes d&#8217;octubre<\/strong><\/em><\/p>\n\n\n\n<p>Els clubs van votar a favor del canvi de format de la Copa Catalunya a l\u2019Assemblea General Ordin\u00e0ria de la Federaci\u00f3 Catalana de Futbol, celebrada aquest darrer dimecres a Sant Cugat del Vall\u00e8s. S\u2019unifiquen la Copa Catalunya Amateur i la Copa Catalunya Absoluta en una sola. El t\u00edtol es disputar\u00e0 entre tots els equips que juguen en categories estatals i els campions del futbol territorial catal\u00e0.<\/p>\n\n\n\n<p>La Fundaci\u00f3 Esportiva Grama comen\u00e7ar\u00e0 el seu cam\u00ed a la competici\u00f3 a partir de la quarta eliminat\u00f2ria, que es jugar\u00e0 al mes d&#8217;octubre de 2024. Alhora que els colomencs, tamb\u00e9 entraran a competir la resta d&#8217;equips catalans de la Tercera Federaci\u00f3. Aquest canvi de format suposar\u00e0 que la Grama no jugui eliminat\u00f2ries de la competici\u00f3 durant la pretemporada com havia succe\u00eft fins al moment. <\/p>\n\n\n\n<p>La cinquena eliminat\u00f2ria tamb\u00e9 es jugar\u00e0 al mes d&#8217;octubre i entraran els equips de Segona Federaci\u00f3, els setzens de final es jugaran al novembre, els vuitens al desembre i els quarts al gener. Els tres clubs catalans de Primera Divisi\u00f3 entraran directament a les semifinals, que es disputaran al primer trimestre del 2025. La final, tal com informa la FCF, es jugar\u00e0 entre els mesos de mar\u00e7 i abril de 2025.<\/p>\n\n\n\n<p>La participaci\u00f3 en la competici\u00f3 ser\u00e0 obligat\u00f2ria pels clubs i les eliminat\u00f2ries seran a partit \u00fanic, entre equips de diferent categoria en cas de ser possible, i al camp del club de divisi\u00f3 inferior. Aix\u00ed mateix, no podran participar equips dependents o filials de clubs que ja hi participin.<\/p>\n\n\n\n<p><em><strong>A la imatge de portada, Peris celebrant un gol a la darrera edici\u00f3 de la Copa Catalunya<\/strong><\/em>.<\/p>\n\n\n\n<p>(CASTELLANO)<\/p>\n\n\n\n<p>A ra\u00edz del cambio de formato aprobado por la Federaci\u00f3n Catalana de F\u00fatbol, \u200b\u200bla FE Grama no entrar\u00e1 en el cuadro de competici\u00f3n hasta el mes de octubre<\/p>\n\n\n\n<p>Los clubs votaron a favor del cambio de formato de la Copa Catalu\u00f1a en la Asamblea General Ordinaria de la Federaci\u00f3n Catalana de F\u00fatbol, \u200b\u200bcelebrada este \u00faltimo mi\u00e9rcoles en Sant Cugat del Vall\u00e8s. Se unifican la Copa Catalunya Amateur y la Copa Catalunya Absoluta en una sola. El t\u00edtulo se disputar\u00e1 entre todos los equipos que juegan en categor\u00edas estatales y campeones del f\u00fatbol territorial catal\u00e1n.<\/p>\n\n\n\n<p>La Fundaci\u00f3n Deportiva Grama empezar\u00e1 su camino a la competici\u00f3n a partir de la cuarta eliminatoria, que se jugar\u00e1 en octubre de 2024. Al mismo tiempo que los colomenses, tambi\u00e9n entrar\u00e1n a competir el resto de equipos catalanes de la Tercera Federaci\u00f3n. Este cambio de formato supondr\u00e1 que la Grama no juegue eliminatorias de la competici\u00f3n durante la pretemporada como hab\u00eda sucedido hasta el momento.<\/p>\n\n\n\n<p>La quinta eliminatoria tambi\u00e9n se jugar\u00e1 en octubre y entrar\u00e1n los equipos de Segunda Federaci\u00f3n, los dieciseisavos de final se jugar\u00e1n en noviembre, los octavos en diciembre y los cuartos en enero. Los tres clubes catalanes de Primera Divisi\u00f3n entrar\u00e1n directamente en las semifinales, que se disputar\u00e1n en el primer trimestre de 2025. La final, tal y como informa la FCF, se jugar\u00e1 entre los meses de marzo y abril de 2025.<\/p>\n\n\n\n<p>La participaci\u00f3n en la competici\u00f3n ser\u00e1 obligatoria para los clubes y las eliminatorias ser\u00e1n a partido \u00fanico, entre equipos de distinta categor\u00eda en caso de ser posible, y en el campo del club de divisi\u00f3n inferior. Asimismo, no podr\u00e1n participar equipos dependientes o filiales de clubes que ya participen.<\/p>\n\n\n\n<p>En la imagen de portada, Peris celebrando un gol en la \u00faltima edici\u00f3n de la Copa Catalunya.<\/p>\n","protected":false},"excerpt":{"rendered":"<p>Arran del canvi de format aprovat per la Federaci\u00f3 Catalana de Futbol, la FE Grama no entrar\u00e0 al quadre de competici\u00f3 fins al mes d&#8217;octubre Els clubs van votar a favor del canvi de format de la Copa Catalunya a l\u2019Assemblea General Ordin\u00e0ria de la Federaci\u00f3 Catalana de Futbol, celebrada aquest darrer dimecres a Sant [&hellip;]<\/p>\n","protected":false},"author":1,"featured_media":32846,"comment_status":"closed","ping_status":"closed","sticky":false,"template":"","format":"standard","meta":{"footnotes":""},"categories":[1348,14,5],"tags":[],"class_list":["post-34664","post","type-post","status-publish","format-standard","has-post-thumbnail","hentry","category-club","category-noticies","category-primer-equip"],"_links":{"self":[{"href":"https:\/\/fegrama.cat\/web\/wp-json\/wp\/v2\/posts\/34664","targetHints":{"allow":["GET"]}}],"collection":[{"href":"https:\/\/fegrama.cat\/web\/wp-json\/wp\/v2\/posts"}],"about":[{"href":"https:\/\/fegrama.cat\/web\/wp-json\/wp\/v2\/types\/post"}],"author":[{"embeddable":true,"href":"https:\/\/fegrama.cat\/web\/wp-json\/wp\/v2\/users\/1"}],"replies":[{"embeddable":true,"href":"https:\/\/fegrama.cat\/web\/wp-json\/wp\/v2\/comments?post=34664"}],"version-history":[{"count":3,"href":"https:\/\/fegrama.cat\/web\/wp-json\/wp\/v2\/posts\/34664\/revisions"}],"predecessor-version":[{"id":34667,"href":"https:\/\/fegrama.cat\/web\/wp-json\/wp\/v2\/posts\/34664\/revisions\/34667"}],"wp:featuredmedia":[{"embeddable":true,"href":"https:\/\/fegrama.cat\/web\/wp-json\/wp\/v2\/media\/32846"}],"wp:attachment":[{"href":"https:\/\/fegrama.cat\/web\/wp-json\/wp\/v2\/media?parent=34664"}],"wp:term":[{"taxonomy":"category","embeddable":true,"href":"https:\/\/fegrama.cat\/web\/wp-json\/wp\/v2\/categories?post=34664"},{"taxonomy":"post_tag","embeddable":true,"href":"https:\/\/fegrama.cat\/web\/wp-json\/wp\/v2\/tags?post=34664"}],"curies":[{"name":"wp","href":"https:\/\/api.w.org\/{rel}","templated":true}]}}