{"id":34661,"date":"2024-06-26T12:00:09","date_gmt":"2024-06-26T11:00:09","guid":{"rendered":"http:\/\/fegrama.cat\/web\/?p=34661"},"modified":"2024-06-26T12:00:10","modified_gmt":"2024-06-26T11:00:10","slug":"la-tercera-rfef-mes-competitiva-dels-darrers-anys","status":"publish","type":"post","link":"https:\/\/fegrama.cat\/web\/la-tercera-rfef-mes-competitiva-dels-darrers-anys\/","title":{"rendered":"La Tercera RFEF m\u00e9s competitiva dels darrers anys"},"content":{"rendered":"\n<p>La Fundaci\u00f3 Esportiva Grama competir\u00e0 una temporada m\u00e9s a Tercera Divisi\u00f3. Ser\u00e0 la cinquena consecutiva que l&#8217;equip jugar\u00e0 a aquesta competici\u00f3, i la sisena de la nostra hist\u00f2ria a 3\u00aa. <\/p>\n\n\n\n<p>Aquesta propera campanya 2024-25, la Tercera RFEF comptar\u00e0 amb 18 equips i la Grama est\u00e0 encuadrada al Grup V. Aqu\u00ed trobarem rivals de molt\u00edssima entitat com el Manresa o el Cerdanyola, que baixen des de Segona RFEF, o d&#8217;altres que s&#8217;han quedat a la categoria com L&#8217;Hospitalet o el CF Badalona, dos hist\u00f2rics del nostre futbol que sempre s\u00f3n forts. A m\u00e9s, ha ascendit l&#8217;Atl\u00e8tic Lleida i entitats de molt nivell com l&#8217;Europa o el Sabadell. Es pot assegurar sense cap mena de dubte que \u00e9s la Tercera RFEF amb m\u00e9s competitivitat i nivell dels darrers anys, especialment des de la darrera reestructuraci\u00f3 federativa.<\/p>\n\n\n\n<p>Els equips als que s&#8217;enfrontar\u00e0 la <strong>Grama <\/strong>al Grup V de Tercera RFEF s\u00f3n els seg\u00fcents: CE L&#8217;Hospitalet, CE Manresa, Cerdanyola FC, UE Vilassar de Mar, CF Badalona, AE Prat, UE Tona, FC L&#8217;Escala, Reus FC Reddis, CF Monta\u00f1esa, Girona FC \u00abB\u00bb, CFJ Mollerussa, CP San Crist\u00f3bal, CF Peralada, Atl\u00e8tic Lleida, CE Europa \u00abB\u00bb, CE Sabadell \u00abB\u00bb.<\/p>\n\n\n\n<p>Des de la Grama seguim treballant en la confecci\u00f3 de la plantilla per tindre un equip que pugui competir de la millor manera possible a la Tercera Federaci\u00f3.<\/p>\n\n\n\n<p>(CASTELLANO) &#8212;&#8212;&#8212;&#8212;&#8212;&#8212;-<\/p>\n\n\n\n<p>La Fundaci\u00f3 Esportiva Grama competir\u00e1 una temporada m\u00e1s en Tercera Divisi\u00f3n. Ser\u00e1 la quinta consecutiva que el equipo jugar\u00e1 en esta competici\u00f3n, y la sexta de nuestra historia en 3\u00aa. <\/p>\n\n\n\n<p>Esta pr\u00f3xima campa\u00f1a 2024-25, la Tercera RFEF contar\u00e1 con 18 equipos y la Grama est\u00e1 encuadrada en el Grupo V. Aqu\u00ed encontraremos rivales de much\u00edsima entidad como el Manresa o el Cerdanyola, que bajan desde Segunda RFEF, u otros que se han quedado en la categor\u00eda como Hospitalet o el CF Badalona, \u200b\u200bdos hist\u00f3ricos de nuestro f\u00fatbol que siempre son fuertes. Adem\u00e1s, ha ascendido el Atl\u00e9tic Lleida y entidades de mucho nivel como Europa o Sabadell. Se puede asegurar sin lugar a dudas que es la Tercera RFEF con mayor competitividad y nivel de los \u00faltimos a\u00f1os, especialmente desde la \u00faltima reestructuraci\u00f3n federativa.<\/p>\n\n\n\n<p>Los equipos a los que se enfrentar\u00e1 la Grama en el Grupo V de Tercera RFEF son los siguientes: CE L&#8217;Hospitalet, CE Manresa, Cerdanyola FC, UE Vilassar de Mar, CF Badalona, \u200b\u200bAE Prat, UE Tona, FC L&#8217;Escala, Reus FC Reddis, CF Monta\u00f1esa, Gerona FC \u00abB\u00bb, CFJ Mollerussa, CP San Crist\u00f3bal, CF Peralada, Atl\u00e9tic Lleida, CE Europa \u00abB\u00bb, CE Sabadell \u00abB\u00bb.<\/p>\n\n\n\n<p>Desde la Grama seguimos trabajando en la confecci\u00f3n de la plantilla por tener un equipo que pueda competir de la mejor manera posible en la Tercera Federaci\u00f3n.<\/p>\n","protected":false},"excerpt":{"rendered":"<p>La Fundaci\u00f3 Esportiva Grama competir\u00e0 una temporada m\u00e9s a Tercera Divisi\u00f3. Ser\u00e0 la cinquena consecutiva que l&#8217;equip jugar\u00e0 a aquesta competici\u00f3, i la sisena de la nostra hist\u00f2ria a 3\u00aa. Aquesta propera campanya 2024-25, la Tercera RFEF comptar\u00e0 amb 18 equips i la Grama est\u00e0 encuadrada al Grup V. Aqu\u00ed trobarem rivals de molt\u00edssima entitat [&hellip;]<\/p>\n","protected":false},"author":1,"featured_media":34384,"comment_status":"closed","ping_status":"closed","sticky":false,"template":"","format":"standard","meta":{"footnotes":""},"categories":[1348,14],"tags":[],"class_list":["post-34661","post","type-post","status-publish","format-standard","has-post-thumbnail","hentry","category-club","category-noticies"],"_links":{"self":[{"href":"https:\/\/fegrama.cat\/web\/wp-json\/wp\/v2\/posts\/34661","targetHints":{"allow":["GET"]}}],"collection":[{"href":"https:\/\/fegrama.cat\/web\/wp-json\/wp\/v2\/posts"}],"about":[{"href":"https:\/\/fegrama.cat\/web\/wp-json\/wp\/v2\/types\/post"}],"author":[{"embeddable":true,"href":"https:\/\/fegrama.cat\/web\/wp-json\/wp\/v2\/users\/1"}],"replies":[{"embeddable":true,"href":"https:\/\/fegrama.cat\/web\/wp-json\/wp\/v2\/comments?post=34661"}],"version-history":[{"count":2,"href":"https:\/\/fegrama.cat\/web\/wp-json\/wp\/v2\/posts\/34661\/revisions"}],"predecessor-version":[{"id":34663,"href":"https:\/\/fegrama.cat\/web\/wp-json\/wp\/v2\/posts\/34661\/revisions\/34663"}],"wp:featuredmedia":[{"embeddable":true,"href":"https:\/\/fegrama.cat\/web\/wp-json\/wp\/v2\/media\/34384"}],"wp:attachment":[{"href":"https:\/\/fegrama.cat\/web\/wp-json\/wp\/v2\/media?parent=34661"}],"wp:term":[{"taxonomy":"category","embeddable":true,"href":"https:\/\/fegrama.cat\/web\/wp-json\/wp\/v2\/categories?post=34661"},{"taxonomy":"post_tag","embeddable":true,"href":"https:\/\/fegrama.cat\/web\/wp-json\/wp\/v2\/tags?post=34661"}],"curies":[{"name":"wp","href":"https:\/\/api.w.org\/{rel}","templated":true}]}}