{"id":34582,"date":"2024-06-24T18:49:59","date_gmt":"2024-06-24T17:49:59","guid":{"rendered":"http:\/\/fegrama.cat\/web\/?p=34582"},"modified":"2024-06-26T11:20:08","modified_gmt":"2024-06-26T10:20:08","slug":"antonio-morales-entrevista-futbol-catalunya","status":"publish","type":"post","link":"https:\/\/fegrama.cat\/web\/antonio-morales-entrevista-futbol-catalunya\/","title":{"rendered":"Entrevista a Antonio Morales a FutbolCatalunya"},"content":{"rendered":"\n<p><strong><em>Al llarg d&#8217;aquesta publicaci\u00f3 podeu trobar l&#8217;entrevista \u00edntegra que els companys de FutbolCatalunya.com han realitzat al nostre president, Antonio Morales.<\/em><\/strong><\/p>\n\n\n\n<p><strong>Quin \u00e9s el seu punt de vista sobre el futbol catal\u00e0?<\/strong><\/p>\n\n\n\n<p>A Catalunya s\u2019han fet moltes ximpleries \u00faltimament i hem oblidat moltes coses. Exemples: el m\u00f3n solidari, l\u2019empresarial o la unitat. No s\u2019han fet els deures en moltes plataformes i aix\u00f2 que tenim una Catalunya \u00fanica.<\/p>\n\n\n\n<p><strong>Aqu\u00ed fica a tothom? FCF, clubs, directius\u2026<\/strong><\/p>\n\n\n\n<p>La FCF \u00e9s una altra cosa, \u00e9s un xoc de trens. S\u2019hi ha creat un caciquisme absurd i, si mai apareix algun cr\u00edtic, a aquest se l\u2019acomiada. Ning\u00fa accepta les cr\u00edtiques. El nostre futbol catal\u00e0 viu en la pitjor de les mis\u00e8ries amb els clubs encara pendents de loteries i sortejos o demanant ajuda als petits comerciants per a subsistir. I, ara, uns senyors, als qui hem posat nosaltres mateixos, que s\u00f3n els nostres empleats, formen una colla i es creuen tan prepotents que es posen uns sous similars als dels directius de multinacionals.<\/p>\n\n\n\n<p><strong>S\u00ed, per\u00f2 el que ens costa entendre \u00e9s que a Antonio Morales se\u2019l pugui enredar i a vost\u00e8 Joan Soteras l\u2019ha enganyat?<\/strong><\/p>\n\n\n\n<p>S\u00ed, l\u2019\u00fanic que m\u2019ha enganyat \u00e9s Joan Soteras perqu\u00e8 a la resta ni els conec. Calle no s\u00e9 qui \u00e9s encara que crec que s\u2019emporta 15.000\u20ac mensuals. Vaig creure en Soteras perqu\u00e8 me\u2019l va avalar un amic en com\u00fa (periodista) i els vaig dir a Isern i Talavera que votaria a Joan, donat que li vaig donar la meva paraula perqu\u00e8 creia que era una persona honesta. Mai he volgut que cap persona del meu club vagi a treballar a la FCF ni jo mateix vull formar part de cap junta; ni tan sols de la RFEF, que tamb\u00e9 m\u2019ho han ofert diverses vegades.<\/p>\n\n\n\n<p><strong>Quant fa que no parla amb Soteras?<\/strong><\/p>\n\n\n\n<p>Des que vaig veure les falsificacions de signatures.<\/p>\n\n\n\n<p><strong>Quan Morales va ser a Mossos per a declarar va ser un dels seus pitjors moments com a directiu?<\/strong><\/p>\n\n\n\n<p>Els mossos d\u2019Esquadra em van presentar un \u2018paperot\u2019 i em van preguntar si era la meva signatura i, per descomptat, NO ho era. A m\u00e9s, tamb\u00e9 ho van fer amb la de Manolo Garc\u00eda, el nostre vicepresident, apareixia com a secretari i tresorer. Van falsificar c\u00e0rrecs i signatures i li vaig enviar una c\u00f2pia a Soteras on li deia, a m\u00e9s, que no era digne de la meva amistat. Mai m\u00e9s he tornat a agafar-li el tel\u00e8fon.<\/p>\n\n\n\n<p><strong>Per qu\u00e8 no s\u2019ha querellat?<\/strong><\/p>\n\n\n\n<p>Ho he fet. M\u2019he querellat posant una den\u00fancia p\u00fablica dies enrere. Vaig fer costat Soteras perqu\u00e8 creia en ell, per\u00f2 he de recon\u00e8ixer que m\u2019ha pres el p\u00e8l.<\/p>\n\n\n\n<p><strong>I ara la soluci\u00f3?<\/strong><\/p>\n\n\n\n<p>En un partit juguen dos i nom\u00e9s pot guanyar un; si resulta que hi ha alineaci\u00f3 indeguda, guanya l\u2019altre. Si el Sr. Isern no ha fet trampes, no caldria anar a eleccions noves perqu\u00e8 els altres s\u2019han desqualificat sols&#8230;<\/p>\n\n\n\n<p><strong>Qu\u00e8 li diria cara a cara?<\/strong><\/p>\n\n\n\n<p>Ja ho vaig dir: m\u2019he sentit manipulat i enganyat per Soteras. Mai he volgut res, fins i tot quan vam crear l&#8217;Associaci\u00f3 de Clubs, mai he volgut c\u00e0rrecs. No he consentit que cap membre de la meva Junta particip\u00e9s a la Junta que es va crear. S\u00f3n poques les persones que s&#8217;han perm\u00e8s el luxe de prendre&#8217;m el p\u00e8l, mentir-me i fins i tot falsificant la signatura. Tot i aix\u00f2, crec en la justicia i els actes de suposat delicte, tard o d&#8217;hora, passaran factura a ell i al seu entorn.<\/p>\n\n\n\n<p><strong>Insistim: qu\u00e8 li diria a Soteras?<\/strong><\/p>\n\n\n\n<p>Ja li vaig dir: \u201cPer la dignitat del futbol i la teva, dimiteix\u201d, per\u00f2 els seus assessors, amb un tal Calle al front, li aconsellen el contrari.<\/p>\n\n\n<div class=\"wp-block-image\">\n<figure class=\"aligncenter size-full\"><a href=\"http:\/\/fegrama.cat\/web\/wp-content\/uploads\/2024\/06\/Captura-de-pantalla-2024-06-24-155942.png\"><img loading=\"lazy\" decoding=\"async\" width=\"570\" height=\"298\" src=\"http:\/\/fegrama.cat\/web\/wp-content\/uploads\/2024\/06\/Captura-de-pantalla-2024-06-24-155942.png\" alt=\"\" class=\"wp-image-34628\" srcset=\"https:\/\/fegrama.cat\/web\/wp-content\/uploads\/2024\/06\/Captura-de-pantalla-2024-06-24-155942.png 570w, https:\/\/fegrama.cat\/web\/wp-content\/uploads\/2024\/06\/Captura-de-pantalla-2024-06-24-155942-300x157.png 300w\" sizes=\"auto, (max-width: 570px) 100vw, 570px\" \/><\/a><figcaption class=\"wp-element-caption\">Diego Luque, delegat del primer equip, Manolo Garc\u00eda, vicepresident de l&#8217;\u00e0rea esportiva, Jos\u00e9 Manuel Morales, responsable de scout a Andalusia i Francesc S\u00e1nchez, vicepresident de l&#8217;\u00e0rea econ\u00f2mica.<\/figcaption><\/figure><\/div>\n\n\n<p><strong>I als seus companys presidents de clubs?<\/strong><\/p>\n\n\n\n<p>Els diria que som part de la RFEF i de la FCF. Soteras i els seus directius se n\u2019han d\u2019anar per dignitat pels suposats delictes greus que se\u2019ls imputen. Mai m\u2019he aprofitat del futbol en gaireb\u00e9 50 anys i tot i qu\u00e8 un senyor m&#8217;ha pr\u00e8s el pel, el fer una repetici\u00f3 d&#8217;eleccions perqu\u00e8 surti un altre de la mateixa banda em faria sentir pitjor.<\/p>\n\n\n\n<p><strong>Quan sent TCE, TSJC, qu\u00e8 pensa?<\/strong><\/p>\n\n\n\n<p>Jo crec en la just\u00edcia politica a l&#8217;esport, per\u00f2 tamb\u00e9 crec que haurien d\u2019haver intervingut ja i no s\u00e9 perqu\u00e8 encara no ho han fet. Si que s\u00e9 que aquells que porten la investigaci\u00f3 fan les passes corresponents i que, tard o d\u2019hora, tots (inclosos els notaris) hauran d\u2019explicar-se. He parlat amb altres clubs que no van anar a votar i els han mostrat actes notarials.<\/p>\n\n\n\n<p><strong>Anir\u00e0 a l\u2019Assemblea de Sant Cugat? Encara recordem les seves \u2018batalles\u2019 amb Joan Gaspart o Antonio Pujol, per exemple.<\/strong><\/p>\n\n\n\n<p>Aquests senyors mereixien tota la meva consideraci\u00f3. Discut\u00edem, per\u00f2 despr\u00e9s parl\u00e0vem com a gent del futbol. Ara, en una assemblea en dia feiner, se l\u2019aplaudir\u00e0, per a aix\u00f2 t\u00e9 els seus ac\u00f2lits afins. La Just\u00edcia \u00e9s lenta, per\u00f2 no oblideu que sempre arriba. Les Territorials representen el futbol modest i els clubs, a dia d&#8217;avui, seguim subsistint amb sortejos, rifes, quotes de futbol base, patrocinadors i amb els nostres diners; mentre que els dirigents s\u2019emporten sous de responsables de multinacionals, com he dit anteriorment. <\/p>\n\n\n\n<p>Tampoc no hauria de ser -i aix\u00f2 \u00e9s de riure- que poc m\u00e9s d&#8217;un centenar de persones repartides per totes les Territorials d&#8217;Espanya -posats a dit pels presidents malgrat que es digui el contrari- elegeixin el president de la RFEF quan en un minut , per Internet, podria votar tots els adscrits a ella a trav\u00e9s dels portals d&#8217;Intranet. Aix\u00f2 s\u00ed\u2026 les eleccions es duen a terme quan es despla\u00e7a els presidents de les Territorials i aquests vots delegats s\u00f3n els que, despr\u00e9s de negociar c\u00e0rrecs i subvencions -juntament amb altres prevendes- ratifiquen en el c\u00e0rrec el president. \u00c9s per aix\u00f2 que no s\u00f3n per errors o delictes que la Just\u00edcia descobreix els que el fan dimitir.<\/p>\n\n\n\n<p>La traject\u00f2ria de Morales al futbol catal\u00e0: \u201cVaig arribar com a responsable del futbol de base i m\u2019hi vaig quedar 4 anys com a vicepresident i 19 com a president de la UDA Gramanet\u201c, comenta. Despr\u00e9s \u201cvaig estar 3 anys com a conseller del RCD Espanyol i responsable de tot el futbol base del club. I ara, ja en porto 11 a la FE Grama\u201c.<\/p>\n\n\n\n<p>Aquesta temporada hi ha \u201c27 equips i ara ja superem el miler d\u2019integrants comptat jugadors i tots els esportistes, amb futbol femen\u00ed, el futbol inclusiu, el karate, a m\u00e9s d\u2019un treball social impressionant\u201d.<\/p>\n\n\n\n<figure class=\"wp-block-gallery has-nested-images columns-default is-cropped wp-block-gallery-1 is-layout-flex wp-block-gallery-is-layout-flex\">\n<figure class=\"wp-block-image size-large\"><a href=\"http:\/\/fegrama.cat\/web\/wp-content\/uploads\/2024\/06\/WhatsApp-Image-2024-06-24-at-14.24.21.jpeg\"><img loading=\"lazy\" decoding=\"async\" width=\"1024\" height=\"768\" data-id=\"34609\" src=\"http:\/\/fegrama.cat\/web\/wp-content\/uploads\/2024\/06\/WhatsApp-Image-2024-06-24-at-14.24.21-1024x768.jpeg\" alt=\"\" class=\"wp-image-34609\" srcset=\"https:\/\/fegrama.cat\/web\/wp-content\/uploads\/2024\/06\/WhatsApp-Image-2024-06-24-at-14.24.21-1024x768.jpeg 1024w, https:\/\/fegrama.cat\/web\/wp-content\/uploads\/2024\/06\/WhatsApp-Image-2024-06-24-at-14.24.21-300x225.jpeg 300w, https:\/\/fegrama.cat\/web\/wp-content\/uploads\/2024\/06\/WhatsApp-Image-2024-06-24-at-14.24.21-768x576.jpeg 768w, https:\/\/fegrama.cat\/web\/wp-content\/uploads\/2024\/06\/WhatsApp-Image-2024-06-24-at-14.24.21-1536x1152.jpeg 1536w, https:\/\/fegrama.cat\/web\/wp-content\/uploads\/2024\/06\/WhatsApp-Image-2024-06-24-at-14.24.21.jpeg 1600w\" sizes=\"auto, (max-width: 1024px) 100vw, 1024px\" \/><\/a><figcaption class=\"wp-element-caption\">Antonio en un campo de refugiados en Rodas, en uno de sus viajes solidarios para llevar ayuda humanitaria con su amigo Artozano y junto a ni\u00f1os sirios y libios. <\/figcaption><\/figure>\n<\/figure>\n\n\n\n<p><strong>Per qu\u00e8 no centrar-se nom\u00e9s al futbol?<\/strong><\/p>\n\n\n\n<p>Perqu\u00e8 el romanticisme que vaig viure a la UDAG no s\u2019adaptava a les noves tend\u00e8ncies d\u2019aquest m\u00f3n globalitzat. Vaig veure que no sols podia ser futbol sin\u00f3 tamb\u00e9 altres esports com el karate gratu\u00eft. La identificaci\u00f3 amb la ciutat \u00e9s excel\u00b7lent.<\/p>\n\n\n\n<figure class=\"wp-block-embed is-type-video is-provider-youtube wp-block-embed-youtube wp-embed-aspect-16-9 wp-has-aspect-ratio\"><div class=\"wp-block-embed__wrapper\">\n<iframe loading=\"lazy\" title=\"ENTREGA DE LOS CINTURONES DE GRAMA KARATE\" width=\"580\" height=\"326\" src=\"https:\/\/www.youtube.com\/embed\/_Z1EXvuXK3c?start=8&#038;feature=oembed\" frameborder=\"0\" allow=\"accelerometer; autoplay; clipboard-write; encrypted-media; gyroscope; picture-in-picture; web-share\" referrerpolicy=\"strict-origin-when-cross-origin\" allowfullscreen><\/iframe>\n<\/div><\/figure>\n\n\n\n<p><strong>S\u00ed, per\u00f2 vost\u00e8 podria dedicar tota la inversi\u00f3 en el futbol i no repartir aquest pressupost. A m\u00e9s, a Morales tant se\u2019l veu festejant el final del Ramad\u00e0 que les diades de la Constituci\u00f3, la d\u2019Andalusia o la de Catalunya.<\/strong><\/p>\n\n\n\n<p>Clar que s\u00ed. El camp del futbol no nom\u00e9s s\u2019ha de fer servir per al futbol. Abans estava buit el 55 per cent dels dies i ara el tenim tot cobert. Un altre exemple: el treball que es fa amb persones que han de complir mesures penals per haver com\u00e9s errors. Vam signar un acord amb la Conselleria de Just\u00edcia, que ens permet ajudar-los i fins i tot els busquem feina. A l\u2019Administraci\u00f3 tamb\u00e9 se l\u2019ajuda mentre que penats es reintegren en un ambient esportiu.<\/p>\n\n\n\n<p><strong>No obstant aix\u00f2, els pol\u00edtics diuen que la integraci\u00f3 \u00e9s una tasca molt complicada?<\/strong><\/p>\n\n\n\n<p>El que diguin els pol\u00edtics\u2026 No tots s\u00f3n iguals, com, per exemple, l\u2019alcaldessa N\u00faria Parlon. Quan parlem d\u2019integraci\u00f3 i de la realitat de Catalunya ens ajuda molt\u00edssim. Una altra cosa: als pol\u00edtics se\u2019ls jutja a les urnes.<\/p>\n\n\n<div class=\"wp-block-image\">\n<figure class=\"aligncenter size-large is-resized\"><a href=\"http:\/\/fegrama.cat\/web\/wp-content\/uploads\/2024\/06\/GO76enAWUAAgql4.jpg\"><img loading=\"lazy\" decoding=\"async\" width=\"1024\" height=\"768\" src=\"http:\/\/fegrama.cat\/web\/wp-content\/uploads\/2024\/06\/GO76enAWUAAgql4-1024x768.jpg\" alt=\"\" class=\"wp-image-34633\" style=\"width:600px;height:auto\" srcset=\"https:\/\/fegrama.cat\/web\/wp-content\/uploads\/2024\/06\/GO76enAWUAAgql4-1024x768.jpg 1024w, https:\/\/fegrama.cat\/web\/wp-content\/uploads\/2024\/06\/GO76enAWUAAgql4-300x225.jpg 300w, https:\/\/fegrama.cat\/web\/wp-content\/uploads\/2024\/06\/GO76enAWUAAgql4-768x576.jpg 768w, https:\/\/fegrama.cat\/web\/wp-content\/uploads\/2024\/06\/GO76enAWUAAgql4.jpg 1537w\" sizes=\"auto, (max-width: 1024px) 100vw, 1024px\" \/><\/a><figcaption class=\"wp-element-caption\">La Grama, sempre al costat del nostre entorn. A la fotografia, German Rosales, amb Cristina Vargas (regidora d&#8217;Igualtat), Nuria Parlon (Alcaldessa) i Tom\u00e0s Fern\u00e1ndez (President AAVV RiuSud).<\/figcaption><\/figure><\/div>\n\n\n<p><strong>Anem amb el primer equip perqu\u00e8 aquesta temporada 2023-2024 ha estat bastant irregular per no dir dolenta.<\/strong><\/p>\n\n\n\n<p>A mi m\u2019agradaria jugar a Primera Divisi\u00f3, per\u00f2 els nostres recursos econ\u00f2mics s\u00f3n els que s\u00f3n i cal repartir. Enguany, han pujat tres juvenils i no oblidem que en onze anys hem pujat quatre categories i ara lluitem en una categoria nacional enfrontant-nos a equips hist\u00f2rics.<\/p>\n\n\n<div class=\"wp-block-image\">\n<figure class=\"aligncenter size-large is-resized\"><a href=\"http:\/\/fegrama.cat\/web\/wp-content\/uploads\/2024\/06\/Peralada-Grama-111-scaled.jpg\"><img loading=\"lazy\" decoding=\"async\" width=\"1024\" height=\"683\" src=\"http:\/\/fegrama.cat\/web\/wp-content\/uploads\/2024\/06\/Peralada-Grama-111-1024x683.jpg\" alt=\"\" class=\"wp-image-34608\" style=\"width:572px;height:auto\" srcset=\"https:\/\/fegrama.cat\/web\/wp-content\/uploads\/2024\/06\/Peralada-Grama-111-1024x683.jpg 1024w, https:\/\/fegrama.cat\/web\/wp-content\/uploads\/2024\/06\/Peralada-Grama-111-300x200.jpg 300w, https:\/\/fegrama.cat\/web\/wp-content\/uploads\/2024\/06\/Peralada-Grama-111-768x512.jpg 768w, https:\/\/fegrama.cat\/web\/wp-content\/uploads\/2024\/06\/Peralada-Grama-111-1536x1024.jpg 1536w, https:\/\/fegrama.cat\/web\/wp-content\/uploads\/2024\/06\/Peralada-Grama-111-2048x1365.jpg 2048w\" sizes=\"auto, (max-width: 1024px) 100vw, 1024px\" \/><\/a><\/figure><\/div>\n\n\n<p><strong>B\u00e9, per\u00f2 tothom sap que els equips de la FE Grama tenen els seus pressupostos coberts amb tranquil\u00b7litat i potencial.<\/strong><\/p>\n\n\n\n<p>S\u00ed, per\u00f2 aix\u00f2 no garantitza res. A vegades, la sintonia no surt entre jugadors i t\u00e8cnics i cal aprendre dels errors.<\/p>\n\n\n<div class=\"wp-block-image\">\n<figure class=\"aligncenter size-large is-resized\"><a href=\"http:\/\/fegrama.cat\/web\/wp-content\/uploads\/2024\/06\/GHcatetXsAABvmf.jpg\"><img loading=\"lazy\" decoding=\"async\" width=\"1024\" height=\"783\" src=\"http:\/\/fegrama.cat\/web\/wp-content\/uploads\/2024\/06\/GHcatetXsAABvmf-1024x783.jpg\" alt=\"\" class=\"wp-image-34631\" style=\"width:552px;height:auto\" srcset=\"https:\/\/fegrama.cat\/web\/wp-content\/uploads\/2024\/06\/GHcatetXsAABvmf-1024x783.jpg 1024w, https:\/\/fegrama.cat\/web\/wp-content\/uploads\/2024\/06\/GHcatetXsAABvmf-300x229.jpg 300w, https:\/\/fegrama.cat\/web\/wp-content\/uploads\/2024\/06\/GHcatetXsAABvmf-768x587.jpg 768w, https:\/\/fegrama.cat\/web\/wp-content\/uploads\/2024\/06\/GHcatetXsAABvmf-1536x1175.jpg 1536w, https:\/\/fegrama.cat\/web\/wp-content\/uploads\/2024\/06\/GHcatetXsAABvmf.jpg 2048w\" sizes=\"auto, (max-width: 1024px) 100vw, 1024px\" \/><\/a><\/figure><\/div>\n\n\n<p><strong>Als socis qu\u00e8 els diu que lliutaran per ascendir o per quedar-se en terreny de ning\u00fa?<\/strong><\/p>\n\n\n\n<p>Jo els dic que far\u00e9 tot el que pugui. M\u00e9s del 50 per cent dels ingressos cal buscar-los a fora, al carrer. i aix\u00f2 no \u00e9s gens f\u00e0cil.<\/p>\n\n\n<div class=\"wp-block-image\">\n<figure class=\"aligncenter size-large is-resized\"><a href=\"http:\/\/fegrama.cat\/web\/wp-content\/uploads\/2024\/06\/IMG-20230627-WA0062.jpg\"><img loading=\"lazy\" decoding=\"async\" width=\"1024\" height=\"755\" src=\"http:\/\/fegrama.cat\/web\/wp-content\/uploads\/2024\/06\/IMG-20230627-WA0062-1024x755.jpg\" alt=\"\" class=\"wp-image-34593\" style=\"width:678px;height:auto\" srcset=\"https:\/\/fegrama.cat\/web\/wp-content\/uploads\/2024\/06\/IMG-20230627-WA0062-1024x755.jpg 1024w, https:\/\/fegrama.cat\/web\/wp-content\/uploads\/2024\/06\/IMG-20230627-WA0062-300x221.jpg 300w, https:\/\/fegrama.cat\/web\/wp-content\/uploads\/2024\/06\/IMG-20230627-WA0062-768x566.jpg 768w, https:\/\/fegrama.cat\/web\/wp-content\/uploads\/2024\/06\/IMG-20230627-WA0062.jpg 1496w\" sizes=\"auto, (max-width: 1024px) 100vw, 1024px\" \/><\/a><figcaption class=\"wp-element-caption\">Antonio Morales junto a Blas M\u00fa\u00f1oz, expresidente de la UDA Gramenet y el alcalde Luis Hernandez, en el palco del Camp del Fondo en la temporada 1981-82.<\/figcaption><\/figure><\/div>\n\n\n<p><strong>Vost\u00e8 va cam\u00ed dels 72 anys. No est\u00e0 fins als nassos?<\/strong><\/p>\n\n\n\n<p>Quan m\u2019enfado, ho dic, per\u00f2 ara ja parlo menys. Vull seguir perqu\u00e8 tinc l\u2019esperan\u00e7a de veure que surt m\u00e9s gent jove capa\u00e7 de poder dirigir aquesta entitat solid\u00e0ria i integradora. Cal treballar cinc o sis hores di\u00e0ries (o m\u00e9s) i buscar els recursos arreu. Tinc alguns amics empresaris que ja no em volen veure. I ara per ara ning\u00fa es postula per substituir-me.<\/p>\n\n\n\n<p>(ENTREVISTA EN CASTELLANO)<\/p>\n\n\n\n<p><strong>\u00bfCu\u00e1l es su punto de vista sobre el f\u00fatbol catal\u00e1n?<\/strong><\/p>\n\n\n\n<p>En Catalu\u00f1a se han hecho muchas tonter\u00edas \u00faltimamente y hemos olvidado muchas cosas. Ejemplos: el mundo solidario, el empresarial o la unidad. No se han hecho los deberes en muchas plataformas y eso que tenemos una Catalunya \u00fanica.<\/p>\n\n\n\n<p><strong>\u00bfAqu\u00ed mete a todo el mundo? FCF, clubs, directivos\u2026<\/strong><\/p>\n\n\n\n<p>La FCF es otra cosa, es un choque de trenes. Se ha creado un caciquismo absurdo y, si alguna vez aparece alg\u00fan cr\u00edtico, a \u00e9ste se le despide. Nadie acepta las cr\u00edticas. Nuestro f\u00fatbol catal\u00e1n vive en la peor de las miserias con los clubs a\u00fan pendientes de loter\u00edas y sorteos o pidiendo ayuda a los peque\u00f1os comerciantes para subsistir. Y, ahora, unos se\u00f1ores, a los que hemos puesto nosotros mismos, que son nuestros empleados, forman un grupo y se creen que son los propietarios poni\u00e9ndose unos sueldos similares a los de los directivos de multinacionales.<\/p>\n\n\n\n<p><strong>S\u00ed, pero lo que nos cuesta entender es que a Antonio Morales se le pueda enredar y \u00bfa usted Joan Soteras le ha enga\u00f1ado?<\/strong><\/p>\n\n\n\n<p>S\u00ed, el \u00fanico que me ha enga\u00f1ado es Joan Soteras porque al resto ni los conozco. Calle no s\u00e9 qui\u00e9n es aunque creo que se lleva 15.000 \u20ac mensuales. Cre\u00ed en Soteras porque me lo aval\u00f3 un amigo en com\u00fan (periodista) y les comuniqu\u00e9 a Isern y Talavera que votar\u00eda a Joan, dado que le di mi palabra porque cre\u00eda que era una persona honesta. Nunca quise que ninguna persona de mi club vaya a trabajar a la FCF ni yo mismo quiero formar parte de ninguna junta; ni siquiera de la RFEF, que tambi\u00e9n me lo han ofrecido en varias ocasiones.<\/p>\n\n\n\n<p><strong>\u00bfCu\u00e1nto hace que no habla con Soteras?<\/strong><\/p>\n\n\n\n<p>Desde que vi las falsificaciones de firmas.<\/p>\n\n\n\n<p><strong>\u00bfCu\u00e1ndo Morales estuvo en Mossos para declarar fue uno de sus peores momentos como directivo?<\/strong><\/p>\n\n\n\n<p>Los mossos d&#8217;Esquadra me presentaron un &#8216;papelote&#8217; y me preguntaron si era mi firma y, por supuesto, NO lo era. Adem\u00e1s, tambi\u00e9n lo hicieron con Manolo Garc\u00eda, nuestro vicepresidente, que aparec\u00eda como secretario y tesorero. Falsificaron cargos y firmas y le envi\u00e9 una copia a Soteras donde le dec\u00eda, adem\u00e1s, que no era digno de mi amistad. Nunca he vuelto a cogerle el tel\u00e9fono.<\/p>\n\n\n\n<p><strong>\u00bfPor qu\u00e9 no se ha querellado?<\/strong><\/p>\n\n\n\n<p>Lo he hecho. Me he querellado poniendo una denuncia p\u00fablica d\u00edas atr\u00e1s. Apoy\u00e9 a Soteras porque cre\u00eda en \u00e9l, pero debo reconocer que me ha tomado el pelo.<\/p>\n\n\n\n<p><strong>\u00bfY ahora la soluci\u00f3n?<\/strong><\/p>\n\n\n\n<p>En un partido juegan dos y s\u00f3lo puede ganar uno; si resulta que existe alineaci\u00f3n indebida, gana el otro. Si el Sr. Isern no ha hecho trampas, no habr\u00eda que ir a elecciones nuevas porque los dem\u00e1s se han descalificado solos.<\/p>\n\n\n\n<p><strong>\u00bfQu\u00e9 le dir\u00eda cara a cara?<\/strong><\/p>\n\n\n\n<p>Ya le dije: me he sentido manipulado y enga\u00f1ado. Nunca quise nada, incluso cuando creamos la Asociaci\u00f3n de clubs, nunca he querido cargos. No consent\u00ed que ning\u00fan miembro de mi junta participara en la junta que se cre\u00f3. Son pocas las personas que se han permitido el lujo de tomarme el pelo, mentirme e incluso falsificando la firma. Pero creo en la justicia y los actos de supuestos delitos tarde o temprano pasar\u00e1n factura a \u00e9l y a su entorno.<\/p>\n\n\n\n<p><strong>Insistimos: \u00bfqu\u00e9 le dir\u00eda a Soteras?<\/strong><\/p>\n\n\n\n<p>Ya se lo dije: \u00abPor la dignidad del f\u00fatbol y la tuya, dimite\u00bb, pero sus asesores, con un tal Calle a la cabeza, le aconsejan lo contrario.<\/p>\n\n\n\n<p><strong>\u00bfY a sus compa\u00f1eros presidentes de clubes?<\/strong><\/p>\n\n\n\n<p>Les dir\u00eda que somos parte de la RFEF y de la FCF. Soteras y sus directivos deben irse por dignidad por los supuestos delitos graves que se les imputan. Nunca me he aprovechado del f\u00fatbol en casi 50 a\u00f1os y aunque un se\u00f1or me ha tomado el pelo, el hacer una repetici\u00f3n de elecciones para que salga otro de la misma banda me har\u00eda sentir peor. <\/p>\n\n\n<div class=\"wp-block-image\">\n<figure class=\"aligncenter size-full\"><a href=\"http:\/\/fegrama.cat\/web\/wp-content\/uploads\/2024\/06\/captura-2.png\"><img loading=\"lazy\" decoding=\"async\" width=\"526\" height=\"441\" src=\"http:\/\/fegrama.cat\/web\/wp-content\/uploads\/2024\/06\/captura-2.png\" alt=\"\" class=\"wp-image-34624\" srcset=\"https:\/\/fegrama.cat\/web\/wp-content\/uploads\/2024\/06\/captura-2.png 526w, https:\/\/fegrama.cat\/web\/wp-content\/uploads\/2024\/06\/captura-2-300x252.png 300w\" sizes=\"auto, (max-width: 526px) 100vw, 526px\" \/><\/a><figcaption class=\"wp-element-caption\">Manolo Garc\u00eda, vicepresidente del \u00e1rea deportiva, Antonio Morales, presidente del club, Josep Sicart, director deportivo, i Francesc S\u00e1nchez, vicepresidente econ\u00f3mico.<\/figcaption><\/figure><\/div>\n\n\n<p><strong>Cuando oye TCE, TSJC, \u00bfqu\u00e9 piensa?<\/strong><\/p>\n\n\n\n<p>Yo creo en la justicia pol\u00edtica en el deporte, pero tambi\u00e9n creo que deber\u00edan haber intervenido ya y no s\u00e9 porqu\u00e9 todav\u00eda no lo han hecho. Si que s\u00e9 que aquellos que llevan la investigaci\u00f3n dan los pasos correspondientes y que, tarde o temprano, todos (incluidos los notarios) tendr\u00e1n que explicarse. He hablado con otros clubs que no fueron a votar y les han mostrado actas notariales.<\/p>\n\n\n\n<p><strong>\u00bfIr\u00e1 a la Asamblea de Sant Cugat? A\u00fan recordamos sus &#8216;batallas&#8217; con Joan Gaspart o Antonio Pujol, por ejemplo.<\/strong><\/p>\n\n\n\n<p>Estos se\u00f1ores merec\u00edan toda mi consideraci\u00f3n. Discut\u00edamos, pero despu\u00e9s habl\u00e1bamos como gente del f\u00fatbol. Ahora, en una asamblea en d\u00eda laborable, se le aplaudir\u00e1, para lo cual tiene sus ac\u00f3litos afines. La Justicia es lenta, pero no olviden que siempre llega. Las Territoriales representan el f\u00fatbol modesto y los clubs, a d\u00eda de hoy, seguimos subsistiendo con sorteos, rifas, cuotas de f\u00fatbol base, patrocinadores, y con nuestro dinero; mientras que los dirigentes se llevan sueldos de responsables de multinacionales, como he dicho anteriormente. <\/p>\n\n\n\n<p>Tampoco deber\u00eda ser -y esto es de risa- que poco m\u00e1s de un centenar de personas repartidas por todas las Territoriales de Espa\u00f1a -puestos a dedo por los presidentes pese a que se diga lo contrario- elijan al presidente de la RFEF cuando en un minuto, por Internet, podr\u00eda votar todos los adscritos a ella a trav\u00e9s de los portales de Intranet. Eso s\u00ed&#8230; las elecciones se llevan a cabo cuando se desplaza los presidentes de las Territoriales y esos votos delegados son los que, tras negociar cargos y subvenciones -junto a otras preventas- ratifican en el cargo a su presidente. Es por eso que no son por errores o delitos que la Justicia descubre los que le hacen dimitir.<\/p>\n\n\n<div class=\"wp-block-image\">\n<figure class=\"aligncenter size-full\"><a href=\"http:\/\/fegrama.cat\/web\/wp-content\/uploads\/2024\/06\/WhatsApp-Image-2024-06-24-at-13.59.59.jpeg\"><img loading=\"lazy\" decoding=\"async\" width=\"241\" height=\"243\" src=\"http:\/\/fegrama.cat\/web\/wp-content\/uploads\/2024\/06\/WhatsApp-Image-2024-06-24-at-13.59.59.jpeg\" alt=\"\" class=\"wp-image-34619\" srcset=\"https:\/\/fegrama.cat\/web\/wp-content\/uploads\/2024\/06\/WhatsApp-Image-2024-06-24-at-13.59.59.jpeg 241w, https:\/\/fegrama.cat\/web\/wp-content\/uploads\/2024\/06\/WhatsApp-Image-2024-06-24-at-13.59.59-150x150.jpeg 150w\" sizes=\"auto, (max-width: 241px) 100vw, 241px\" \/><\/a><figcaption class=\"wp-element-caption\">Antonio en la temporada 1980-81.<\/figcaption><\/figure><\/div>\n\n\n<p><strong>La trayectoria de Morales en el f\u00fatbol catal\u00e1n<\/strong>: \u201cLlegu\u00e9 como responsable del f\u00fatbol de base y me qued\u00e9 4 a\u00f1os como vicepresidente y 19 como presidente de la UDA Gramanet\u201c, comenta. Luego \u201cestuve 3 a\u00f1os como consejero del RCD Espanyol y responsable de todo el f\u00fatbol base del club. Y ahora, ya llevo 11 en la FE Grama\u201c.<\/p>\n\n\n\n<p>Esta temporada hay \u00ab27 equipos y ahora ya superamos el millar de integrantes contado jugadores y todos los deportistas, con f\u00fatbol femenino, el f\u00fatbol inclusivo, el k\u00e1rate, adem\u00e1s de un trabajo social impresionante\u00bb.<\/p>\n\n\n\n<figure class=\"wp-block-gallery aligncenter has-nested-images columns-default is-cropped wp-block-gallery-2 is-layout-flex wp-block-gallery-is-layout-flex\">\n<figure class=\"wp-block-image size-large\"><a href=\"http:\/\/fegrama.cat\/web\/wp-content\/uploads\/2024\/06\/417457974_361026936997732_8416076512943052004_n.jpg\"><img loading=\"lazy\" decoding=\"async\" width=\"1024\" height=\"768\" data-id=\"34586\" src=\"http:\/\/fegrama.cat\/web\/wp-content\/uploads\/2024\/06\/417457974_361026936997732_8416076512943052004_n-1024x768.jpg\" alt=\"\" class=\"wp-image-34586\" srcset=\"https:\/\/fegrama.cat\/web\/wp-content\/uploads\/2024\/06\/417457974_361026936997732_8416076512943052004_n-1024x768.jpg 1024w, https:\/\/fegrama.cat\/web\/wp-content\/uploads\/2024\/06\/417457974_361026936997732_8416076512943052004_n-300x225.jpg 300w, https:\/\/fegrama.cat\/web\/wp-content\/uploads\/2024\/06\/417457974_361026936997732_8416076512943052004_n-768x576.jpg 768w, https:\/\/fegrama.cat\/web\/wp-content\/uploads\/2024\/06\/417457974_361026936997732_8416076512943052004_n-1536x1152.jpg 1536w, https:\/\/fegrama.cat\/web\/wp-content\/uploads\/2024\/06\/417457974_361026936997732_8416076512943052004_n.jpg 2048w\" sizes=\"auto, (max-width: 1024px) 100vw, 1024px\" \/><\/a><figcaption class=\"wp-element-caption\">L&#8217;Inclusiu de la Grama.<\/figcaption><\/figure>\n\n\n\n<figure class=\"wp-block-image size-large\"><a href=\"http:\/\/fegrama.cat\/web\/wp-content\/uploads\/2024\/06\/WhatsApp-Image-2024-06-24-at-14.17.51.jpeg\"><img loading=\"lazy\" decoding=\"async\" width=\"1024\" height=\"824\" data-id=\"34611\" src=\"http:\/\/fegrama.cat\/web\/wp-content\/uploads\/2024\/06\/WhatsApp-Image-2024-06-24-at-14.17.51-1024x824.jpeg\" alt=\"\" class=\"wp-image-34611\" srcset=\"https:\/\/fegrama.cat\/web\/wp-content\/uploads\/2024\/06\/WhatsApp-Image-2024-06-24-at-14.17.51-1024x824.jpeg 1024w, https:\/\/fegrama.cat\/web\/wp-content\/uploads\/2024\/06\/WhatsApp-Image-2024-06-24-at-14.17.51-300x242.jpeg 300w, https:\/\/fegrama.cat\/web\/wp-content\/uploads\/2024\/06\/WhatsApp-Image-2024-06-24-at-14.17.51-768x618.jpeg 768w, https:\/\/fegrama.cat\/web\/wp-content\/uploads\/2024\/06\/WhatsApp-Image-2024-06-24-at-14.17.51-1536x1236.jpeg 1536w, https:\/\/fegrama.cat\/web\/wp-content\/uploads\/2024\/06\/WhatsApp-Image-2024-06-24-at-14.17.51.jpeg 1600w\" sizes=\"auto, (max-width: 1024px) 100vw, 1024px\" \/><\/a><figcaption class=\"wp-element-caption\">Antonio, juntament a Vicente del Bosque, a un Torneig Inclusiu disputat al Municipal de la Grama.<\/figcaption><\/figure>\n<\/figure>\n\n\n\n<p><strong>\u00bfPor qu\u00e9 no centrarse s\u00f3lo en el f\u00fatbol?<\/strong><\/p>\n\n\n\n<p>Porque el romanticismo que viv\u00ed en la UDAG no se adaptaba a las nuevas tendencias de este mundo globalizado. Vi que no s\u00f3lo pod\u00eda ser f\u00fatbol sino tambi\u00e9n otros deportes como el k\u00e1rate gratuito. La identificaci\u00f3n con la ciudad es excelente.<\/p>\n\n\n\n<p><strong>S\u00ed, pero usted podr\u00eda dedicar toda la inversi\u00f3n en el f\u00fatbol y no repartir ese presupuesto. Adem\u00e1s, a Morales tanto se le ve cortejando el final del Ramad\u00e1n que los d\u00edas de la Constituci\u00f3n, el de Andaluc\u00eda o el de Catalu\u00f1a.<\/strong><\/p>\n\n\n\n<p>Claro que s\u00ed. El campo del f\u00fatbol no s\u00f3lo debe utilizarse para el f\u00fatbol. Antes estaba vac\u00edo el 55 por ciento de los d\u00edas y ahora lo tenemos todo cubierto. Otro ejemplo: el trabajo que se realiza con personas que deben cumplir medidas penales por haber cometido errores. Firmamos un acuerdo con la Conselleria de Just\u00edcia, que nos permite ayudarles e incluso les buscamos trabajo. A la Administraci\u00f3n tambi\u00e9n se le ayuda mientras que penados se recuperan en un ambiente deportivo.<\/p>\n\n\n<div class=\"wp-block-image\">\n<figure class=\"aligncenter size-full\"><a href=\"http:\/\/fegrama.cat\/web\/wp-content\/uploads\/2024\/06\/imagen.png\"><img loading=\"lazy\" decoding=\"async\" width=\"640\" height=\"360\" src=\"http:\/\/fegrama.cat\/web\/wp-content\/uploads\/2024\/06\/imagen-edited.png\" alt=\"\" class=\"wp-image-34616\" srcset=\"https:\/\/fegrama.cat\/web\/wp-content\/uploads\/2024\/06\/imagen-edited.png 640w, https:\/\/fegrama.cat\/web\/wp-content\/uploads\/2024\/06\/imagen-edited-300x169.png 300w\" sizes=\"auto, (max-width: 640px) 100vw, 640px\" \/><\/a><\/figure><\/div>\n\n<div class=\"wp-block-image\">\n<figure class=\"aligncenter size-large is-resized\"><a href=\"http:\/\/fegrama.cat\/web\/wp-content\/uploads\/2024\/06\/imagen-1.png\"><img loading=\"lazy\" decoding=\"async\" width=\"1024\" height=\"499\" src=\"http:\/\/fegrama.cat\/web\/wp-content\/uploads\/2024\/06\/imagen-1-1024x499.png\" alt=\"\" class=\"wp-image-34617\" style=\"width:654px;height:auto\" srcset=\"https:\/\/fegrama.cat\/web\/wp-content\/uploads\/2024\/06\/imagen-1-1024x499.png 1024w, https:\/\/fegrama.cat\/web\/wp-content\/uploads\/2024\/06\/imagen-1-300x146.png 300w, https:\/\/fegrama.cat\/web\/wp-content\/uploads\/2024\/06\/imagen-1-768x374.png 768w, https:\/\/fegrama.cat\/web\/wp-content\/uploads\/2024\/06\/imagen-1-1536x748.png 1536w, https:\/\/fegrama.cat\/web\/wp-content\/uploads\/2024\/06\/imagen-1.png 1600w\" sizes=\"auto, (max-width: 1024px) 100vw, 1024px\" \/><\/a><figcaption class=\"wp-element-caption\">Els Veterans de la FE Grama.<\/figcaption><\/figure><\/div>\n\n\n<p><strong>Sin embargo, \u00bflos pol\u00edticos dicen que la integraci\u00f3n es una tarea muy complicada?<\/strong><\/p>\n\n\n\n<p>Lo que digan los pol\u00edticos\u2026 No todos son iguales, como, por ejemplo, la alcaldesa N\u00faria Parlon. Cuando hablamos de integraci\u00f3n y de la realidad de Catalu\u00f1a nos ayuda much\u00edsimo. Otra cosa: a los pol\u00edticos se les juzga en las urnas.<\/p>\n\n\n<div class=\"wp-block-image\">\n<figure class=\"aligncenter size-full\"><a href=\"http:\/\/fegrama.cat\/web\/wp-content\/uploads\/2024\/06\/moralesparlon2020FEG-1.jpg\"><img loading=\"lazy\" decoding=\"async\" width=\"515\" height=\"315\" src=\"http:\/\/fegrama.cat\/web\/wp-content\/uploads\/2024\/06\/moralesparlon2020FEG-1.jpg\" alt=\"\" class=\"wp-image-34591\" srcset=\"https:\/\/fegrama.cat\/web\/wp-content\/uploads\/2024\/06\/moralesparlon2020FEG-1.jpg 515w, https:\/\/fegrama.cat\/web\/wp-content\/uploads\/2024\/06\/moralesparlon2020FEG-1-300x183.jpg 300w\" sizes=\"auto, (max-width: 515px) 100vw, 515px\" \/><\/a><figcaption class=\"wp-element-caption\">Antonio Morales amb Nuria Parl\u00f3n.<\/figcaption><\/figure><\/div>\n\n\n<p><strong>Vamos con el primer equipo porque esta temporada 2023-2024 ha sido bastante irregular por no decir mala.<\/strong><\/p>\n\n\n\n<p>A m\u00ed me gustar\u00eda jugar en Primera Divisi\u00f3n, pero nuestros recursos econ\u00f3micos son los que son y es necesario repartir. Este a\u00f1o, han subido tres juveniles y no olvidemos que en once a\u00f1os hemos subido cuatro categor\u00edas y ahora luchamos en una categor\u00eda nacional enfrent\u00e1ndonos a equipos hist\u00f3ricos.<\/p>\n\n\n\n<p><strong>Bien, pero todo el mundo sabe que los equipos de la FE Grama tienen sus presupuestos cubiertos con tranquilidad y potencial.<\/strong><\/p>\n\n\n\n<p>S\u00ed, pero esto no garantiza nada. A veces, la sinton\u00eda no sale entre jugadores y t\u00e9cnicos y es necesario aprender de los errores.<\/p>\n\n\n\n<p><strong>\u00bfA los socios qu\u00e9 les dice, que luchar\u00e1n por ascender o por quedarse en terreno de nadie?<\/strong><\/p>\n\n\n\n<p>Yo les digo que har\u00e9 todo lo que pueda. M\u00e1s del 50 por ciento de los ingresos hay que buscarlos fuera, en la calle, y esto no es f\u00e1cil.<\/p>\n\n\n\n<p><strong>Usted va camino de los 72 a\u00f1os. \u00bfNo est\u00e1 hasta las narices?<\/strong><\/p>\n\n\n\n<p>Cuando me enfado, lo digo, pero ahora ya hablo menos. Quiero seguir porque tengo la esperanza de ver que sale m\u00e1s gente joven capaz de poder dirigir a esta entidad solidaria e integradora. Hay que trabajar cinco o seis horas diarias (o m\u00e1s) y buscar los recursos en todas partes. Tengo algunos amigos empresarios que ya no quieren verme. Y por ahora nadie se postula para sustituirme.<\/p>\n","protected":false},"excerpt":{"rendered":"<p>Al llarg d&#8217;aquesta publicaci\u00f3 podeu trobar l&#8217;entrevista \u00edntegra que els companys de FutbolCatalunya.com han realitzat al nostre president, Antonio Morales. Quin \u00e9s el seu punt de vista sobre el futbol catal\u00e0? A Catalunya s\u2019han fet moltes ximpleries \u00faltimament i hem oblidat moltes coses. Exemples: el m\u00f3n solidari, l\u2019empresarial o la unitat. No s\u2019han fet els [&hellip;]<\/p>\n","protected":false},"author":1,"featured_media":34622,"comment_status":"closed","ping_status":"closed","sticky":false,"template":"","format":"standard","meta":{"footnotes":""},"categories":[1348,14,15],"tags":[],"class_list":["post-34582","post","type-post","status-publish","format-standard","has-post-thumbnail","hentry","category-club","category-noticies","category-noticies-destacades"],"_links":{"self":[{"href":"https:\/\/fegrama.cat\/web\/wp-json\/wp\/v2\/posts\/34582","targetHints":{"allow":["GET"]}}],"collection":[{"href":"https:\/\/fegrama.cat\/web\/wp-json\/wp\/v2\/posts"}],"about":[{"href":"https:\/\/fegrama.cat\/web\/wp-json\/wp\/v2\/types\/post"}],"author":[{"embeddable":true,"href":"https:\/\/fegrama.cat\/web\/wp-json\/wp\/v2\/users\/1"}],"replies":[{"embeddable":true,"href":"https:\/\/fegrama.cat\/web\/wp-json\/wp\/v2\/comments?post=34582"}],"version-history":[{"count":26,"href":"https:\/\/fegrama.cat\/web\/wp-json\/wp\/v2\/posts\/34582\/revisions"}],"predecessor-version":[{"id":34660,"href":"https:\/\/fegrama.cat\/web\/wp-json\/wp\/v2\/posts\/34582\/revisions\/34660"}],"wp:featuredmedia":[{"embeddable":true,"href":"https:\/\/fegrama.cat\/web\/wp-json\/wp\/v2\/media\/34622"}],"wp:attachment":[{"href":"https:\/\/fegrama.cat\/web\/wp-json\/wp\/v2\/media?parent=34582"}],"wp:term":[{"taxonomy":"category","embeddable":true,"href":"https:\/\/fegrama.cat\/web\/wp-json\/wp\/v2\/categories?post=34582"},{"taxonomy":"post_tag","embeddable":true,"href":"https:\/\/fegrama.cat\/web\/wp-json\/wp\/v2\/tags?post=34582"}],"curies":[{"name":"wp","href":"https:\/\/api.w.org\/{rel}","templated":true}]}}