{"id":34352,"date":"2024-04-15T08:04:54","date_gmt":"2024-04-15T07:04:54","guid":{"rendered":"https:\/\/fegrama.cat\/web\/?p=34352"},"modified":"2024-04-15T20:06:46","modified_gmt":"2024-04-15T19:06:46","slug":"cf-peralada-fe-grama-j29","status":"publish","type":"post","link":"https:\/\/fegrama.cat\/web\/cf-peralada-fe-grama-j29\/","title":{"rendered":"CF Peralada 1 \u2013 2 FE Grama: Segona vict\u00f2ria consecutiva"},"content":{"rendered":"\n<p><strong><em>La Grama aconsegueix donar-li la volta al gol inicial dels locals i suma els 3 punts al dif\u00edcil camp del Peralada<\/em><\/strong><\/p>\n\n\n\n<p>Vict\u00f2ria a domicili de la Grama a terres gironines despr\u00e9s de remuntar el primer gol del CF Peralada. L\u2019equip va adaptar-se a les dif\u00edcils condicions de la gespa natural del Municipal de Peralada i va ser capa\u00e7 de competir a un partit complicat per acabar sumant 3 punts for\u00e7a importants.<\/p>\n\n\n\n<p>L\u2019equip va iniciar el duel ben plantat a Peralada i el partit va agafar la din\u00e0mica des de l\u2019inici. Pilotades recurrents i joc aeri constant, sense encadenar una bona possessi\u00f3 de pilota. Els de Joan Esteva es van adaptar a les condicions de joc. Tot i aix\u00f2, el Peralada va colpejar primer al 18\u2019. La defensa va refusar b\u00e9 la pilota i aquesta va arribar a Mical\u00f3, que amb un xut des de casa seva va ficar-la a l\u2019escaire. Tocava remuntar.<\/p>\n\n\n\n<p>La Grama no es va vindre avall i pocs minuts despr\u00e9s, al 26\u2019, va igualar el partit. Servei de cantonada que arriba a Palomeque al segon pal i el defensa remata per introduir la pilota al fons de la xarxa. Poc m\u00e9s va succe\u00efr durant el primer temps fins que a la darrera jugada de l\u2019afegit va arribar el segon. Pau Rosales va fer una bona jugada individual i la seva passada enrere va tocar en un defensa que s\u2019introdueix la pilota en pr\u00f2pia porteria. Gol psicol\u00f2gic abans que l\u2019\u00e0rbitre xiul\u00e9s el final.<\/p>\n\n\n\n<p>A la represa, el Peralada va intentar fer el gol de l\u2019empat, per\u00f2 la Grama va estar ben plantada i va evitar de forma constant els atacs dels xampanyers. L\u2019equip de Joan Esteva tamb\u00e9 ho va intentar al contracop, per\u00f2 no va aconseguir materialitzar el que hagu\u00e9s estat el 3r i definitiu gol.<\/p>\n\n\n\n<p>Tres punts m\u00e9s al casiller de la Fundaci\u00f3 Esportiva Grama. Queden 5 partits de lliga i lluitarem fins el final. El proper partit ser\u00e0 diumenge a partir de les 11:45h, data en qu\u00e8 rebrem la visita del CF Pobla de Mafumet. SEGUIM, EQUIP!<\/p>\n\n\n\n<figure class=\"wp-block-gallery has-nested-images columns-default is-cropped wp-block-gallery-1 is-layout-flex wp-block-gallery-is-layout-flex\">\n<figure class=\"wp-block-image size-large\"><a href=\"https:\/\/fegrama.cat\/web\/wp-content\/uploads\/2024\/04\/Peralada-Grama-106-scaled.jpg\"><img loading=\"lazy\" decoding=\"async\" width=\"1024\" height=\"683\" data-id=\"34354\" src=\"https:\/\/fegrama.cat\/web\/wp-content\/uploads\/2024\/04\/Peralada-Grama-106-1024x683.jpg\" alt=\"\" class=\"wp-image-34354\" srcset=\"https:\/\/fegrama.cat\/web\/wp-content\/uploads\/2024\/04\/Peralada-Grama-106-1024x683.jpg 1024w, https:\/\/fegrama.cat\/web\/wp-content\/uploads\/2024\/04\/Peralada-Grama-106-300x200.jpg 300w, https:\/\/fegrama.cat\/web\/wp-content\/uploads\/2024\/04\/Peralada-Grama-106-768x512.jpg 768w, https:\/\/fegrama.cat\/web\/wp-content\/uploads\/2024\/04\/Peralada-Grama-106-1536x1024.jpg 1536w, https:\/\/fegrama.cat\/web\/wp-content\/uploads\/2024\/04\/Peralada-Grama-106-2048x1365.jpg 2048w\" sizes=\"auto, (max-width: 1024px) 100vw, 1024px\" \/><\/a><\/figure>\n\n\n\n<figure class=\"wp-block-image size-large\"><a href=\"https:\/\/fegrama.cat\/web\/wp-content\/uploads\/2024\/04\/Peralada-Grama-110-scaled.jpg\"><img loading=\"lazy\" decoding=\"async\" width=\"1024\" height=\"683\" data-id=\"34355\" src=\"https:\/\/fegrama.cat\/web\/wp-content\/uploads\/2024\/04\/Peralada-Grama-110-1024x683.jpg\" alt=\"\" class=\"wp-image-34355\" srcset=\"https:\/\/fegrama.cat\/web\/wp-content\/uploads\/2024\/04\/Peralada-Grama-110-1024x683.jpg 1024w, https:\/\/fegrama.cat\/web\/wp-content\/uploads\/2024\/04\/Peralada-Grama-110-300x200.jpg 300w, https:\/\/fegrama.cat\/web\/wp-content\/uploads\/2024\/04\/Peralada-Grama-110-768x512.jpg 768w, https:\/\/fegrama.cat\/web\/wp-content\/uploads\/2024\/04\/Peralada-Grama-110-1536x1024.jpg 1536w, https:\/\/fegrama.cat\/web\/wp-content\/uploads\/2024\/04\/Peralada-Grama-110-2048x1365.jpg 2048w\" sizes=\"auto, (max-width: 1024px) 100vw, 1024px\" \/><\/a><\/figure>\n\n\n\n<figure class=\"wp-block-image size-large\"><a href=\"https:\/\/fegrama.cat\/web\/wp-content\/uploads\/2024\/04\/Peralada-Grama-97-scaled.jpg\"><img loading=\"lazy\" decoding=\"async\" width=\"1024\" height=\"683\" data-id=\"34356\" src=\"https:\/\/fegrama.cat\/web\/wp-content\/uploads\/2024\/04\/Peralada-Grama-97-1024x683.jpg\" alt=\"\" class=\"wp-image-34356\" srcset=\"https:\/\/fegrama.cat\/web\/wp-content\/uploads\/2024\/04\/Peralada-Grama-97-1024x683.jpg 1024w, https:\/\/fegrama.cat\/web\/wp-content\/uploads\/2024\/04\/Peralada-Grama-97-300x200.jpg 300w, https:\/\/fegrama.cat\/web\/wp-content\/uploads\/2024\/04\/Peralada-Grama-97-768x512.jpg 768w, https:\/\/fegrama.cat\/web\/wp-content\/uploads\/2024\/04\/Peralada-Grama-97-1536x1024.jpg 1536w, https:\/\/fegrama.cat\/web\/wp-content\/uploads\/2024\/04\/Peralada-Grama-97-2048x1365.jpg 2048w\" sizes=\"auto, (max-width: 1024px) 100vw, 1024px\" \/><\/a><\/figure>\n\n\n\n<figure class=\"wp-block-image size-large\"><a href=\"https:\/\/fegrama.cat\/web\/wp-content\/uploads\/2024\/04\/Peralada-Grama-89-scaled.jpg\"><img loading=\"lazy\" decoding=\"async\" width=\"1024\" height=\"683\" data-id=\"34357\" src=\"https:\/\/fegrama.cat\/web\/wp-content\/uploads\/2024\/04\/Peralada-Grama-89-1024x683.jpg\" alt=\"\" class=\"wp-image-34357\" srcset=\"https:\/\/fegrama.cat\/web\/wp-content\/uploads\/2024\/04\/Peralada-Grama-89-1024x683.jpg 1024w, https:\/\/fegrama.cat\/web\/wp-content\/uploads\/2024\/04\/Peralada-Grama-89-300x200.jpg 300w, https:\/\/fegrama.cat\/web\/wp-content\/uploads\/2024\/04\/Peralada-Grama-89-768x512.jpg 768w, https:\/\/fegrama.cat\/web\/wp-content\/uploads\/2024\/04\/Peralada-Grama-89-1536x1024.jpg 1536w, https:\/\/fegrama.cat\/web\/wp-content\/uploads\/2024\/04\/Peralada-Grama-89-2048x1365.jpg 2048w\" sizes=\"auto, (max-width: 1024px) 100vw, 1024px\" \/><\/a><\/figure>\n\n\n\n<figure class=\"wp-block-image size-large\"><a href=\"https:\/\/fegrama.cat\/web\/wp-content\/uploads\/2024\/04\/Peralada-Grama-78-scaled.jpg\"><img loading=\"lazy\" decoding=\"async\" width=\"1024\" height=\"683\" data-id=\"34358\" src=\"https:\/\/fegrama.cat\/web\/wp-content\/uploads\/2024\/04\/Peralada-Grama-78-1024x683.jpg\" alt=\"\" class=\"wp-image-34358\" srcset=\"https:\/\/fegrama.cat\/web\/wp-content\/uploads\/2024\/04\/Peralada-Grama-78-1024x683.jpg 1024w, https:\/\/fegrama.cat\/web\/wp-content\/uploads\/2024\/04\/Peralada-Grama-78-300x200.jpg 300w, https:\/\/fegrama.cat\/web\/wp-content\/uploads\/2024\/04\/Peralada-Grama-78-768x512.jpg 768w, https:\/\/fegrama.cat\/web\/wp-content\/uploads\/2024\/04\/Peralada-Grama-78-1536x1024.jpg 1536w, https:\/\/fegrama.cat\/web\/wp-content\/uploads\/2024\/04\/Peralada-Grama-78-2048x1365.jpg 2048w\" sizes=\"auto, (max-width: 1024px) 100vw, 1024px\" \/><\/a><\/figure>\n\n\n\n<figure class=\"wp-block-image size-large\"><a href=\"https:\/\/fegrama.cat\/web\/wp-content\/uploads\/2024\/04\/Peralada-Grama-62-scaled.jpg\"><img loading=\"lazy\" decoding=\"async\" width=\"1024\" height=\"683\" data-id=\"34359\" src=\"https:\/\/fegrama.cat\/web\/wp-content\/uploads\/2024\/04\/Peralada-Grama-62-1024x683.jpg\" alt=\"\" class=\"wp-image-34359\" srcset=\"https:\/\/fegrama.cat\/web\/wp-content\/uploads\/2024\/04\/Peralada-Grama-62-1024x683.jpg 1024w, https:\/\/fegrama.cat\/web\/wp-content\/uploads\/2024\/04\/Peralada-Grama-62-300x200.jpg 300w, https:\/\/fegrama.cat\/web\/wp-content\/uploads\/2024\/04\/Peralada-Grama-62-768x512.jpg 768w, https:\/\/fegrama.cat\/web\/wp-content\/uploads\/2024\/04\/Peralada-Grama-62-1536x1024.jpg 1536w, https:\/\/fegrama.cat\/web\/wp-content\/uploads\/2024\/04\/Peralada-Grama-62-2048x1365.jpg 2048w\" sizes=\"auto, (max-width: 1024px) 100vw, 1024px\" \/><\/a><\/figure>\n\n\n\n<figure class=\"wp-block-image size-large\"><a href=\"https:\/\/fegrama.cat\/web\/wp-content\/uploads\/2024\/04\/Peralada-Grama-60-scaled.jpg\"><img loading=\"lazy\" decoding=\"async\" width=\"1024\" height=\"683\" data-id=\"34360\" src=\"https:\/\/fegrama.cat\/web\/wp-content\/uploads\/2024\/04\/Peralada-Grama-60-1024x683.jpg\" alt=\"\" class=\"wp-image-34360\" srcset=\"https:\/\/fegrama.cat\/web\/wp-content\/uploads\/2024\/04\/Peralada-Grama-60-1024x683.jpg 1024w, https:\/\/fegrama.cat\/web\/wp-content\/uploads\/2024\/04\/Peralada-Grama-60-300x200.jpg 300w, https:\/\/fegrama.cat\/web\/wp-content\/uploads\/2024\/04\/Peralada-Grama-60-768x512.jpg 768w, https:\/\/fegrama.cat\/web\/wp-content\/uploads\/2024\/04\/Peralada-Grama-60-1536x1024.jpg 1536w, https:\/\/fegrama.cat\/web\/wp-content\/uploads\/2024\/04\/Peralada-Grama-60-2048x1365.jpg 2048w\" sizes=\"auto, (max-width: 1024px) 100vw, 1024px\" \/><\/a><\/figure>\n\n\n\n<figure class=\"wp-block-image size-large\"><a href=\"https:\/\/fegrama.cat\/web\/wp-content\/uploads\/2024\/04\/Peralada-Grama-54-scaled.jpg\"><img loading=\"lazy\" decoding=\"async\" width=\"1024\" height=\"683\" data-id=\"34361\" src=\"https:\/\/fegrama.cat\/web\/wp-content\/uploads\/2024\/04\/Peralada-Grama-54-1024x683.jpg\" alt=\"\" class=\"wp-image-34361\" srcset=\"https:\/\/fegrama.cat\/web\/wp-content\/uploads\/2024\/04\/Peralada-Grama-54-1024x683.jpg 1024w, https:\/\/fegrama.cat\/web\/wp-content\/uploads\/2024\/04\/Peralada-Grama-54-300x200.jpg 300w, https:\/\/fegrama.cat\/web\/wp-content\/uploads\/2024\/04\/Peralada-Grama-54-768x512.jpg 768w, https:\/\/fegrama.cat\/web\/wp-content\/uploads\/2024\/04\/Peralada-Grama-54-1536x1024.jpg 1536w, https:\/\/fegrama.cat\/web\/wp-content\/uploads\/2024\/04\/Peralada-Grama-54-2048x1365.jpg 2048w\" sizes=\"auto, (max-width: 1024px) 100vw, 1024px\" \/><\/a><\/figure>\n<\/figure>\n\n\n\n<p><strong><em>La Grama consigue darle la vuelta al gol inicial de los locales y suma los 3 puntos en el dif\u00edcil campo del Peralada<\/em><\/strong><\/p>\n\n\n\n<p>Victoria a domicilio de la Grama en tierras gerundenses tras remontar el primer gol del CF Peralada. El equipo se adapt\u00f3 a las dif\u00edciles condiciones del c\u00e9sped natural del Municipal de Peralada y fue capaz de competir en un partido complicado para acabar sumando 3 puntos bastante importantes.<\/p>\n\n\n\n<p>El equipo inici\u00f3 el duelo bien plantado en Peralada y el partido cogi\u00f3 una din\u00e1mica constante desde el inicio. Pelotazos recurrentes y juego a\u00e9reo constante, sin encadenar una buena posesi\u00f3n de pelota. Los de Joan Esteva se adaptaron a las condiciones de juego. Sin embargo, el Peralada golpe\u00f3 primero al 18&#8242;. La defensa rechaz\u00f3 bien el bal\u00f3n y \u00e9ste lleg\u00f3 a Mical\u00f3, que con un disparo desde su casa la meti\u00f3 por toda la escuadra. Tocaba remontar.<\/p>\n\n\n\n<p>La Grama no se vino abajo y pocos minutos despu\u00e9s, en el 26&#8242;, igual\u00f3 el partido. Saque de esquina que llega a Palomeque en el segundo palo y el defensa remata para introducir el bal\u00f3n en el fondo de la red. Poco m\u00e1s sucedi\u00f3 durante el primer tiempo hasta que en la \u00faltima jugada del a\u00f1adido lleg\u00f3 el segundo. Pau Rosales hizo una buena jugada individual y su pase atr\u00e1s toc\u00f3 en un defensa que se introduce el bal\u00f3n en propia porter\u00eda. Gol psicol\u00f3gico antes de que el \u00e1rbitro pitara el final del primer tiempo.<\/p>\n\n\n\n<p>En la reanudaci\u00f3n, el Peralada intent\u00f3 marcar el gol del empate, pero la Grama estuvo bien plantada y evit\u00f3 de forma constante los ataques de los locales. El equipo de Joan Esteva tambi\u00e9n lo intent\u00f3 al contragolpe, pero no logr\u00f3 materializar lo que hubiera sido el 3\u00ba y definitivo gol.<\/p>\n\n\n\n<p>Tres puntos m\u00e1s en el casillero de la Fundaci\u00f3 Esportiva Grama. Quedan 5 partidos de liga y lucharemos hasta el final. El pr\u00f3ximo partido ser\u00e1 el domingo a partir de las 11:45h, fecha en la que recibiremos la visita del CF Pobla de Mafumet. SEGUIMOS, EQUIPO!<\/p>\n","protected":false},"excerpt":{"rendered":"<p>La Grama aconsegueix donar-li la volta al gol inicial dels locals i suma els 3 punts al dif\u00edcil camp del Peralada Vict\u00f2ria a domicili de la Grama a terres gironines despr\u00e9s de remuntar el primer gol del CF Peralada. L\u2019equip va adaptar-se a les dif\u00edcils condicions de la gespa natural del Municipal de Peralada i [&hellip;]<\/p>\n","protected":false},"author":1,"featured_media":34355,"comment_status":"closed","ping_status":"closed","sticky":false,"template":"","format":"standard","meta":{"footnotes":""},"categories":[14,5],"tags":[],"class_list":["post-34352","post","type-post","status-publish","format-standard","has-post-thumbnail","hentry","category-noticies","category-primer-equip"],"_links":{"self":[{"href":"https:\/\/fegrama.cat\/web\/wp-json\/wp\/v2\/posts\/34352","targetHints":{"allow":["GET"]}}],"collection":[{"href":"https:\/\/fegrama.cat\/web\/wp-json\/wp\/v2\/posts"}],"about":[{"href":"https:\/\/fegrama.cat\/web\/wp-json\/wp\/v2\/types\/post"}],"author":[{"embeddable":true,"href":"https:\/\/fegrama.cat\/web\/wp-json\/wp\/v2\/users\/1"}],"replies":[{"embeddable":true,"href":"https:\/\/fegrama.cat\/web\/wp-json\/wp\/v2\/comments?post=34352"}],"version-history":[{"count":2,"href":"https:\/\/fegrama.cat\/web\/wp-json\/wp\/v2\/posts\/34352\/revisions"}],"predecessor-version":[{"id":34362,"href":"https:\/\/fegrama.cat\/web\/wp-json\/wp\/v2\/posts\/34352\/revisions\/34362"}],"wp:featuredmedia":[{"embeddable":true,"href":"https:\/\/fegrama.cat\/web\/wp-json\/wp\/v2\/media\/34355"}],"wp:attachment":[{"href":"https:\/\/fegrama.cat\/web\/wp-json\/wp\/v2\/media?parent=34352"}],"wp:term":[{"taxonomy":"category","embeddable":true,"href":"https:\/\/fegrama.cat\/web\/wp-json\/wp\/v2\/categories?post=34352"},{"taxonomy":"post_tag","embeddable":true,"href":"https:\/\/fegrama.cat\/web\/wp-json\/wp\/v2\/tags?post=34352"}],"curies":[{"name":"wp","href":"https:\/\/api.w.org\/{rel}","templated":true}]}}