{"id":33761,"date":"2024-01-13T00:38:58","date_gmt":"2024-01-12T23:38:58","guid":{"rendered":"http:\/\/fegrama.cat\/web\/?p=33761"},"modified":"2024-01-13T00:39:14","modified_gmt":"2024-01-12T23:39:14","slug":"la-seccio-de-karate-rep-el-premi-solidari-2023-de-pilz","status":"publish","type":"post","link":"https:\/\/fegrama.cat\/web\/la-seccio-de-karate-rep-el-premi-solidari-2023-de-pilz\/","title":{"rendered":"La Secci\u00f3 de K\u00e0rate rep el Premi Solidari 2023 de Pilz"},"content":{"rendered":"\n<p>La Fundaci\u00f3 Esportiva Grama inicia el 2024 excel\u00b7lentment en l&#8217;\u00e0mbit social. La Secci\u00f3 de K\u00e0rate ha rebut el premi i el reconeixement dels \u00abPremis Solidaris 2023 de Pilz\u00bb per la tasca social de cohesi\u00f3 i integraci\u00f3 que es realitza dia rere dia.<\/p>\n\n\n\n<p>Pel club \u00e9s tot un orgull i una satisfacci\u00f3 rebre aquest guard\u00f3 que reflexa la bona feina que es fa altruistament, la qual ajuda a que joves s&#8217;integrin i ho passin b\u00e9 a trav\u00e9s d&#8217;un denominador com\u00fa: l&#8217;ESPORT.<\/p>\n\n\n\n<p>Seguim endavant, Grama!<\/p>\n\n\n<div class=\"wp-block-image\">\n<figure class=\"aligncenter size-large is-resized\"><a href=\"http:\/\/fegrama.cat\/web\/wp-content\/uploads\/2024\/01\/IMG-20240113-WA0001.jpg\"><img loading=\"lazy\" decoding=\"async\" width=\"576\" height=\"1024\" src=\"http:\/\/fegrama.cat\/web\/wp-content\/uploads\/2024\/01\/IMG-20240113-WA0001-576x1024.jpg\" alt=\"\" class=\"wp-image-33762\" style=\"width:360px;height:auto\" srcset=\"https:\/\/fegrama.cat\/web\/wp-content\/uploads\/2024\/01\/IMG-20240113-WA0001-576x1024.jpg 576w, https:\/\/fegrama.cat\/web\/wp-content\/uploads\/2024\/01\/IMG-20240113-WA0001-169x300.jpg 169w, https:\/\/fegrama.cat\/web\/wp-content\/uploads\/2024\/01\/IMG-20240113-WA0001-768x1365.jpg 768w, https:\/\/fegrama.cat\/web\/wp-content\/uploads\/2024\/01\/IMG-20240113-WA0001-864x1536.jpg 864w, https:\/\/fegrama.cat\/web\/wp-content\/uploads\/2024\/01\/IMG-20240113-WA0001.jpg 1152w\" sizes=\"auto, (max-width: 576px) 100vw, 576px\" \/><\/a><\/figure><\/div>\n\n\n<p>La Fundaci\u00f3 Esportiva Grama inicia en 2024 excelentemente en el \u00e1mbito social. La Secci\u00f3n de Karate ha recibido el premio y el reconocimiento de los \u00abPremios Solidarios 2023 de Pilz\u00bb por la labor social de cohesi\u00f3n e integraci\u00f3n que se realiza d\u00eda tras d\u00eda.<\/p>\n\n\n\n<p>Para el club es todo un orgullo y una satisfacci\u00f3n recibir este galard\u00f3n que refleja el buen trabajo que se hace altruistamente, que ayuda a que j\u00f3venes se integren y lo pasen bien a trav\u00e9s de un denominador com\u00fan: el DEPORTE.<\/p>\n\n\n\n<p>Seguimos adelante, Grama!<\/p>\n","protected":false},"excerpt":{"rendered":"<p>La Fundaci\u00f3 Esportiva Grama inicia el 2024 excel\u00b7lentment en l&#8217;\u00e0mbit social. La Secci\u00f3 de K\u00e0rate ha rebut el premi i el reconeixement dels \u00abPremis Solidaris 2023 de Pilz\u00bb per la tasca social de cohesi\u00f3 i integraci\u00f3 que es realitza dia rere dia. Pel club \u00e9s tot un orgull i una satisfacci\u00f3 rebre aquest guard\u00f3 que [&hellip;]<\/p>\n","protected":false},"author":1,"featured_media":33764,"comment_status":"closed","ping_status":"closed","sticky":false,"template":"","format":"standard","meta":{"footnotes":""},"categories":[1348,14],"tags":[],"class_list":["post-33761","post","type-post","status-publish","format-standard","has-post-thumbnail","hentry","category-club","category-noticies"],"_links":{"self":[{"href":"https:\/\/fegrama.cat\/web\/wp-json\/wp\/v2\/posts\/33761","targetHints":{"allow":["GET"]}}],"collection":[{"href":"https:\/\/fegrama.cat\/web\/wp-json\/wp\/v2\/posts"}],"about":[{"href":"https:\/\/fegrama.cat\/web\/wp-json\/wp\/v2\/types\/post"}],"author":[{"embeddable":true,"href":"https:\/\/fegrama.cat\/web\/wp-json\/wp\/v2\/users\/1"}],"replies":[{"embeddable":true,"href":"https:\/\/fegrama.cat\/web\/wp-json\/wp\/v2\/comments?post=33761"}],"version-history":[{"count":1,"href":"https:\/\/fegrama.cat\/web\/wp-json\/wp\/v2\/posts\/33761\/revisions"}],"predecessor-version":[{"id":33763,"href":"https:\/\/fegrama.cat\/web\/wp-json\/wp\/v2\/posts\/33761\/revisions\/33763"}],"wp:featuredmedia":[{"embeddable":true,"href":"https:\/\/fegrama.cat\/web\/wp-json\/wp\/v2\/media\/33764"}],"wp:attachment":[{"href":"https:\/\/fegrama.cat\/web\/wp-json\/wp\/v2\/media?parent=33761"}],"wp:term":[{"taxonomy":"category","embeddable":true,"href":"https:\/\/fegrama.cat\/web\/wp-json\/wp\/v2\/categories?post=33761"},{"taxonomy":"post_tag","embeddable":true,"href":"https:\/\/fegrama.cat\/web\/wp-json\/wp\/v2\/tags?post=33761"}],"curies":[{"name":"wp","href":"https:\/\/api.w.org\/{rel}","templated":true}]}}