{"id":33704,"date":"2023-12-19T15:54:39","date_gmt":"2023-12-19T14:54:39","guid":{"rendered":"https:\/\/fegrama.cat\/web\/?p=33704"},"modified":"2023-12-19T16:01:41","modified_gmt":"2023-12-19T15:01:41","slug":"oumar-bah-i-fode-reforcen-la-grama","status":"publish","type":"post","link":"https:\/\/fegrama.cat\/web\/oumar-bah-i-fode-reforcen-la-grama\/","title":{"rendered":"Oumar Bah i Fode reforcen la Grama"},"content":{"rendered":"\n<p><em><strong>Els dos jugadors s\u00f3n les primeres incorporacions del club per refor\u00e7ar l&#8217;equip de cara a la segona part del campionat<\/strong><\/em><\/p>\n\n\n\n<p>La Fundaci\u00f3 Esportiva Grama segueix treballant dins del projecte de la temporada 23-24 cercant una constant millora al nivell de la plantilla. \u00c9s per aix\u00f2 que l&#8217;equip, despr\u00e9s de finalitzar l&#8217;any 2023 en una gran din\u00e0mica, sisens a la classificaci\u00f3 a 1 punt de play-off, va a per m\u00e9s i s&#8217;incorporen dos nous jugadors.<\/p>\n\n\n\n<p>Oumar Bah i Fode Diakhaby es converteixen en nous jugadors de la Fundaci\u00f3 Esportiva Grama. El primer ja va entrar a la convocat\u00f2ria del partit davant el Vilassar, mentre que el segon va ser present animant i donant suport als que s\u00f3n els seus nous companys. Tots dos treballaran amb la resta del grup quan l&#8217;equip torni a la feina despr\u00e9s de l&#8217;aturada nadalenca.<\/p>\n\n\n\n<p>Oumar juga com a defensa central i arriba procedent del CE L&#8217;Hospitalet, on ha estat durant la primera part de la temporada. Amb anterioritat, el central de 1,90m ha jugat al Granollers, el Sant Andreu, l&#8217;Europa i el Vilassar. Per la seva part, Fode \u00e9s un extrem r\u00e0pid amb desbordament que ha passat pels filials del Mallorca i l&#8217;Alcorc\u00f3n, a m\u00e9s de debutar a 2aB amb el CD Ebro.<\/p>\n\n\n\n<p>Esperem que tots dos puguin aportar a la plantilla per complir les fites marcades. Benvinguts a la Grama!<\/p>\n\n\n<div class=\"wp-block-image\">\n<figure class=\"aligncenter size-large is-resized\"><a href=\"https:\/\/fegrama.cat\/web\/wp-content\/uploads\/2023\/12\/image.png\"><img loading=\"lazy\" decoding=\"async\" width=\"1024\" height=\"683\" src=\"https:\/\/fegrama.cat\/web\/wp-content\/uploads\/2023\/12\/image-1024x683.png\" alt=\"\" class=\"wp-image-33706\" style=\"width:603px;height:auto\" srcset=\"https:\/\/fegrama.cat\/web\/wp-content\/uploads\/2023\/12\/image-1024x683.png 1024w, https:\/\/fegrama.cat\/web\/wp-content\/uploads\/2023\/12\/image-300x200.png 300w, https:\/\/fegrama.cat\/web\/wp-content\/uploads\/2023\/12\/image-768x512.png 768w, https:\/\/fegrama.cat\/web\/wp-content\/uploads\/2023\/12\/image-1536x1024.png 1536w, https:\/\/fegrama.cat\/web\/wp-content\/uploads\/2023\/12\/image.png 2048w\" sizes=\"auto, (max-width: 1024px) 100vw, 1024px\" \/><\/a><figcaption class=\"wp-element-caption\">Oumar durant un entrenament amb l&#8217;equip.<\/figcaption><\/figure><\/div>\n\n\n<p><strong><em>Ambos jugadores son las primeras incorporaciones del club para reforzar el equipo de cara a la segunda parte del campeonato<\/em><\/strong><\/p>\n\n\n\n<p>La Fundaci\u00f3 Esportiva Grama sigue trabajando dentro del proyecto de la temporada 23-24 buscando una constante mejora al nivel de la plantilla. Por eso el equipo, despu\u00e9s de finalizar el a\u00f1o 2023 en una gran din\u00e1mica, sextos en la clasificaci\u00f3n a 1 punto de play-off, va a por m\u00e1s y se incorporan dos nuevos jugadores.<\/p>\n\n\n\n<p>Oumar Bah y Fode Diakhaby se convierten en nuevos jugadores de la Fundaci\u00f3n Esportiva Grama. El primero ya entr\u00f3 en la convocatoria del partido ante el Vilassar, mientras que el segundo estuvo presente animando y apoyando a los que son sus nuevos compa\u00f1eros. Ambos trabajar\u00e1n con el resto del grupo cuando el equipo vuelva al trabajo despu\u00e9s del par\u00f3n navide\u00f1o.<\/p>\n\n\n\n<p>Oumar juega como defensa central y llega procedente del CE L&#8217;Hospitalet, donde ha estado durante la primera parte de la temporada. Con anterioridad, el central de 1,90m ha jugado en Granollers, Sant Andreu, Europa y Vilassar. Por su parte, Fode es un extremo r\u00e1pido con desborde que ha pasado por las filiales del Mallorca y el Alcorc\u00f3n, adem\u00e1s de debutar en 2aB con el CD Ebro.<\/p>\n","protected":false},"excerpt":{"rendered":"<p>Els dos jugadors s\u00f3n les primeres incorporacions del club per refor\u00e7ar l&#8217;equip de cara a la segona part del campionat La Fundaci\u00f3 Esportiva Grama segueix treballant dins del projecte de la temporada 23-24 cercant una constant millora al nivell de la plantilla. \u00c9s per aix\u00f2 que l&#8217;equip, despr\u00e9s de finalitzar l&#8217;any 2023 en una gran [&hellip;]<\/p>\n","protected":false},"author":1,"featured_media":33708,"comment_status":"closed","ping_status":"closed","sticky":false,"template":"","format":"standard","meta":{"footnotes":""},"categories":[14,5],"tags":[],"class_list":["post-33704","post","type-post","status-publish","format-standard","has-post-thumbnail","hentry","category-noticies","category-primer-equip"],"_links":{"self":[{"href":"https:\/\/fegrama.cat\/web\/wp-json\/wp\/v2\/posts\/33704","targetHints":{"allow":["GET"]}}],"collection":[{"href":"https:\/\/fegrama.cat\/web\/wp-json\/wp\/v2\/posts"}],"about":[{"href":"https:\/\/fegrama.cat\/web\/wp-json\/wp\/v2\/types\/post"}],"author":[{"embeddable":true,"href":"https:\/\/fegrama.cat\/web\/wp-json\/wp\/v2\/users\/1"}],"replies":[{"embeddable":true,"href":"https:\/\/fegrama.cat\/web\/wp-json\/wp\/v2\/comments?post=33704"}],"version-history":[{"count":4,"href":"https:\/\/fegrama.cat\/web\/wp-json\/wp\/v2\/posts\/33704\/revisions"}],"predecessor-version":[{"id":33712,"href":"https:\/\/fegrama.cat\/web\/wp-json\/wp\/v2\/posts\/33704\/revisions\/33712"}],"wp:featuredmedia":[{"embeddable":true,"href":"https:\/\/fegrama.cat\/web\/wp-json\/wp\/v2\/media\/33708"}],"wp:attachment":[{"href":"https:\/\/fegrama.cat\/web\/wp-json\/wp\/v2\/media?parent=33704"}],"wp:term":[{"taxonomy":"category","embeddable":true,"href":"https:\/\/fegrama.cat\/web\/wp-json\/wp\/v2\/categories?post=33704"},{"taxonomy":"post_tag","embeddable":true,"href":"https:\/\/fegrama.cat\/web\/wp-json\/wp\/v2\/tags?post=33704"}],"curies":[{"name":"wp","href":"https:\/\/api.w.org\/{rel}","templated":true}]}}