{"id":33641,"date":"2023-12-18T19:36:54","date_gmt":"2023-12-18T18:36:54","guid":{"rendered":"http:\/\/fegrama.cat\/web\/?p=33641"},"modified":"2023-12-18T21:03:08","modified_gmt":"2023-12-18T20:03:08","slug":"visita-dels-veterans-del-atletico-calatrava-i-el-cd-carmelo","status":"publish","type":"post","link":"https:\/\/fegrama.cat\/web\/visita-dels-veterans-del-atletico-calatrava-i-el-cd-carmelo\/","title":{"rendered":"Visita dels Veterans de l&#8217;Atl\u00e9tico Calatrava i el CD Carmelo"},"content":{"rendered":"\n<p>Un any m\u00e9s ens han visitat els veterans de l&#8217;Atl\u00e9tico Calatrava, club on van jugar el nostre President i vicepresident Manolo Garcia i que posteriorment es va convertir en el CD Carmelo. Des del club els agra\u00efm enormement la visita i esperem que hagin gaudit d&#8217;una esplendida jornada de futbol a Santa Coloma.<\/p>\n\n\n\n<p>Els Veterans han estat esmorzant des de primera hora del mat\u00ed al bar de l&#8217;estadi i han presenciat el partit davant el Vilassar de Mar des de la llotja del Municipal de la Grama. La visita no ha pogut finalitzar millor, amb una vict\u00f2ria per 2 gols a 0 del nostre primer equip en un gran partit dels colomencs.<\/p>\n\n\n\n<p>Us esperem quan vulgueu a la nostra casa, que sempre \u00e9s casa vostra! Gr\u00e0cies per la visita!<\/p>\n\n\n<div class=\"wp-block-image\">\n<figure class=\"aligncenter size-full is-resized\"><a href=\"http:\/\/fegrama.cat\/web\/wp-content\/uploads\/2023\/12\/WhatsApp-Image-2023-12-17-at-21.58.10.jpeg\"><img loading=\"lazy\" decoding=\"async\" width=\"768\" height=\"911\" src=\"http:\/\/fegrama.cat\/web\/wp-content\/uploads\/2023\/12\/WhatsApp-Image-2023-12-17-at-21.58.10.jpeg\" alt=\"\" class=\"wp-image-33642\" style=\"width:564px;height:auto\" srcset=\"https:\/\/fegrama.cat\/web\/wp-content\/uploads\/2023\/12\/WhatsApp-Image-2023-12-17-at-21.58.10.jpeg 768w, https:\/\/fegrama.cat\/web\/wp-content\/uploads\/2023\/12\/WhatsApp-Image-2023-12-17-at-21.58.10-253x300.jpeg 253w\" sizes=\"auto, (max-width: 768px) 100vw, 768px\" \/><\/a><\/figure><\/div>\n\n\n<p>Un a\u00f1o m\u00e1s nos han visitado los veteranos del Atl\u00e9tico Calatrava, club en el que jugaron nuestro Presidente y vicepresidente Manolo Garcia y que posteriormente se convirti\u00f3 en el CD Carmelo. Desde el club les agradecemos enormemente la visita y esperamos que hayan disfrutado de una esplendida jornada de f\u00fatbol en Santa Coloma.<\/p>\n\n\n\n<p>Los Veteranos han estado desayunando desde primera hora de la ma\u00f1ana en el bar del estadio y han presenciado el partido ante el Vilassar de Mar desde el palco del Municipal de la Grama. La visita no ha podido finalizar mejor, con una victoria por 2 goles a 0 de nuestro primer equipo en un gran partido de los colomenses.<\/p>\n\n\n\n<p>Os esperamos cuando quer\u00e1is en nuestra casa, \u00a1que siempre es vuestra casa! \u00a1Gracias por la visita!<\/p>\n","protected":false},"excerpt":{"rendered":"<p>Un any m\u00e9s ens han visitat els veterans de l&#8217;Atl\u00e9tico Calatrava, club on van jugar el nostre President i vicepresident Manolo Garcia i que posteriorment es va convertir en el CD Carmelo. Des del club els agra\u00efm enormement la visita i esperem que hagin gaudit d&#8217;una esplendida jornada de futbol a Santa Coloma. Els Veterans [&hellip;]<\/p>\n","protected":false},"author":1,"featured_media":33700,"comment_status":"closed","ping_status":"closed","sticky":false,"template":"","format":"standard","meta":{"footnotes":""},"categories":[1348,14],"tags":[],"class_list":["post-33641","post","type-post","status-publish","format-standard","has-post-thumbnail","hentry","category-club","category-noticies"],"_links":{"self":[{"href":"https:\/\/fegrama.cat\/web\/wp-json\/wp\/v2\/posts\/33641","targetHints":{"allow":["GET"]}}],"collection":[{"href":"https:\/\/fegrama.cat\/web\/wp-json\/wp\/v2\/posts"}],"about":[{"href":"https:\/\/fegrama.cat\/web\/wp-json\/wp\/v2\/types\/post"}],"author":[{"embeddable":true,"href":"https:\/\/fegrama.cat\/web\/wp-json\/wp\/v2\/users\/1"}],"replies":[{"embeddable":true,"href":"https:\/\/fegrama.cat\/web\/wp-json\/wp\/v2\/comments?post=33641"}],"version-history":[{"count":4,"href":"https:\/\/fegrama.cat\/web\/wp-json\/wp\/v2\/posts\/33641\/revisions"}],"predecessor-version":[{"id":33703,"href":"https:\/\/fegrama.cat\/web\/wp-json\/wp\/v2\/posts\/33641\/revisions\/33703"}],"wp:featuredmedia":[{"embeddable":true,"href":"https:\/\/fegrama.cat\/web\/wp-json\/wp\/v2\/media\/33700"}],"wp:attachment":[{"href":"https:\/\/fegrama.cat\/web\/wp-json\/wp\/v2\/media?parent=33641"}],"wp:term":[{"taxonomy":"category","embeddable":true,"href":"https:\/\/fegrama.cat\/web\/wp-json\/wp\/v2\/categories?post=33641"},{"taxonomy":"post_tag","embeddable":true,"href":"https:\/\/fegrama.cat\/web\/wp-json\/wp\/v2\/tags?post=33641"}],"curies":[{"name":"wp","href":"https:\/\/api.w.org\/{rel}","templated":true}]}}