{"id":26730,"date":"2019-04-29T23:24:29","date_gmt":"2019-04-29T22:24:29","guid":{"rendered":"http:\/\/fegrama.cat\/web\/?p=26730"},"modified":"2019-04-29T23:24:29","modified_gmt":"2019-04-29T22:24:29","slug":"a-un-pas-de-lobjectiu","status":"publish","type":"post","link":"https:\/\/fegrama.cat\/web\/a-un-pas-de-lobjectiu\/","title":{"rendered":"A un pas de l&#8217;objectiu!!!"},"content":{"rendered":"<figure id=\"attachment_26731\" aria-describedby=\"caption-attachment-26731\" style=\"width: 300px\" class=\"wp-caption aligncenter\"><a href=\"https:\/\/fegrama.cat\/web\/wp-content\/uploads\/2019\/04\/thumbnail_IMG-20190428-WA0007.jpg\"><img loading=\"lazy\" decoding=\"async\" class=\"wp-image-26731 size-medium\" src=\"https:\/\/fegrama.cat\/web\/wp-content\/uploads\/2019\/04\/thumbnail_IMG-20190428-WA0007-300x128.jpg\" alt=\"\" width=\"300\" height=\"128\" srcset=\"https:\/\/fegrama.cat\/web\/wp-content\/uploads\/2019\/04\/thumbnail_IMG-20190428-WA0007-300x128.jpg 300w, https:\/\/fegrama.cat\/web\/wp-content\/uploads\/2019\/04\/thumbnail_IMG-20190428-WA0007-768x328.jpg 768w, https:\/\/fegrama.cat\/web\/wp-content\/uploads\/2019\/04\/thumbnail_IMG-20190428-WA0007-1024x437.jpg 1024w, https:\/\/fegrama.cat\/web\/wp-content\/uploads\/2019\/04\/thumbnail_IMG-20190428-WA0007.jpg 1080w\" sizes=\"auto, (max-width: 300px) 100vw, 300px\" \/><\/a><figcaption id=\"caption-attachment-26731\" class=\"wp-caption-text\">La gran fam\u00edlia de l&#8217;Infantil A<\/figcaption><\/figure>\n<p>&nbsp;<\/p>\n<p><strong>Infantil A:<\/strong><\/p>\n<p>Martinenc 0-5 Infantil A<\/p>\n<p>PARTID\u00c0S en maj\u00fascules. L&#8217;infantil A va sortir a per totes i a pel t\u00edtol de lliga, el Martinenc 2 a la taula intentava acostar-se al l\u00edder per\u00f2 aquest grup no el va deixar. Bona 1\u00aa part amb molta intensitat treballem molt la seva sortida de pilota i fer-los una pressi\u00f3 forta fruit d&#8217;aix\u00f2 naixia el 0-1 gol d&#8217;Adri. La Grama dominava en tots els sentits i un doblet de Youseff va fer el 0-3 amb un gol\u00e0s sense angle. Guillem abans d&#8217;acabar la 1\u00aa part va marcar d&#8217;estrat\u00e8gia rematant un c\u00f3rner, primera part incre\u00efble del l\u00edder que va estar dominant i molt agressius de cara a porta. A la 2a part la Grama no va abaixar els bra\u00e7os sabien que era un rival que en els \u00faltims minuts havia remuntat partits abans dos gols en contra. Els de l&#8217;Infantil A feien possessions llargues de pilota ja que aquest resultat cara a guanyar la Lliga els anava perfecte, una transici\u00f3 llarga va fer que Porcel des de fora de l&#8217;\u00e0rea i per l&#8217;escaire pos\u00e9s el 0-5 al marcador. La Grama va seguir i va seguir com si el marcador estigu\u00e9s 0-0 gran partit que fa que l&#8217;infantil A es posi a 10 punts del segon i en joc hi ha 12<\/p>\n<p>Brian Espinola:<br \/>\nOrgull\u00f3s d&#8217;aquests nens que han fet una temporada de 10 malgrat les adversitats que hem tingut s&#8217;han recompost com aut\u00e8ntics homes. A la cita m\u00e9s esperada ells no han fallat i ficar-li cinc un equip com aquest \u00e9s tot un treball que hi ha darrere impressionant. Ens qeda un \u00faltim esfor\u00e7 diumenge a casa a l&#8217;16:15 volem atraure el major p\u00fablic possible perqu\u00e8 una vict\u00f2ria seria donar la lliga i la categoria a aquest club, s&#8217;ho mereixen i aquests nens volen fer hist\u00f2ria. Us esperem el diumenge perqu\u00e8 ens arropeis i puguem donar-vos aquesta alegria a tots i al nostre company Iv\u00e1n i anar i lliurar-li la seva copa de campi\u00f3 en aquests moments durs. Com m\u00edster d&#8217;aquest grup us demano un \u00faltim esfor\u00e7 a aquesta afici\u00f3 que mai ens a fallat. Us esperem per poder fer hist\u00f2ria!<\/p>\n<p>Martinenc 0-5 Infantil A<\/p>\n<p>PARTIDAZO en may\u00fasculas. El infantil A sali\u00f3 a por todas y a por el t\u00edtulo liguero, el Martinenc 2 en la tabla intentaba acercarse al l\u00edder pero este grupo no le dej\u00f3. Buena 1\u00aa parte con mucha intensidad trabajamos mucho su salida de bal\u00f3n y hacerles una presi\u00f3n fuerte fruto de esto nac\u00eda el 0-1 gol de Adri. La Grama dominaba en todos los sentidos y un doblete de Youseff hizo el 0-3 con un golazo sin \u00e1ngulo. Guillem antes de acabar la 1\u00aa parte marc\u00f3 de estrategia rematando un c\u00f3rner, primera parte incre\u00edble del l\u00edder que estuvo dominando y muy agresivos de cara a puerta. En la 2\u00aa parte la Grama no baj\u00f3 los brazos sab\u00edan que era un rival que en los \u00faltimos minutos hab\u00eda remontado partidos antes dos goles en contra. Los del Infantil A hac\u00edan posesiones largas de bal\u00f3n ya que ese resultado cara a ganar la Liga les iba perfecto, una transici\u00f3n larga hizo que Porcel desde fuera del \u00e1rea y por la escuadra pusiera el 0-5 en el marcador. La Grama sigui\u00f3 y sigui\u00f3 como si el marcador estuviera 0-0 gran partido que hace que el infantil A se ponga a 10 puntos del segundo y en juego hay 12<\/p>\n<p>Brian espinola:<br \/>\nOrgulloso de estos ni\u00f1os que han hecho una temporada de 10 pese a las adversidades que hemos tenido se han recompuesto como aut\u00e9nticos hombres. En la cita m\u00e1s esperada ellos no han fallado y meterle cinco a un equipo como este es todo un trabajo que hay detr\u00e1s impresionante. Nos qeda un \u00faltimo esfuerzo el domingo en casa a la 16:15 queremos atraer al mayor p\u00fablico posible porque una victoria ser\u00eda dar la liga y la categor\u00eda a este club, se lo merecen y estos ni\u00f1os quieren hacer historia. Os esperamos el domingo para que nos arropeis y podamos daros esa alegr\u00eda a todos y a nuestro compa\u00f1ero Iv\u00e1n e ir y entregarle su copa de campe\u00f3n en estos momentos duros. Como m\u00edster de este grupo os pido un \u00faltimo esfuerzo a esa afici\u00f3n que nunca nos a fallado. Os esperamos para poder hacer historia!<\/p>\n<p><strong>Infantil B:<\/strong><\/p>\n<p>Guineueta 2-3 Infantil B<\/p>\n<p><strong>Infantil C:<\/strong><\/p>\n<p>Sense dades<\/p>\n<p><strong>Infantil D:<\/strong><\/p>\n<p>Infantil D 4-1 Arrabal<\/p>\n<p><strong>Infantil E:<\/strong><\/p>\n<p>B\u00fafala 0-6 Infantil E<\/p>\n<p>Partit molt bo per part nostra.<br \/>\nEn l&#8217;inici hem sortit molt forts, ten\u00edem molt\u00edssimes jugades per\u00f2 cap amb \u00e8xit. El rival no passava de mig camp. Atac\u00e0vem cont\u00ednuament per\u00f2 ten\u00edem mala sort de cara al gol. L&#8217;equip ha baixat una mica la intensitat en veure que fall\u00e0vem tantes ocasions per\u00f2 tot i aix\u00ed ho segu\u00edem intentant. Vam aconseguir encaixar dos gols i ens vam anar a la mitja part 0-2.<\/p>\n<p>Despr\u00e9s de sortir a la segona part sab\u00edem que pod\u00edem encaixar m\u00e9s gols i que est\u00e0vem sent superiors. El rival seguia sense passar de mig camp. Totes les accions es feien al camp d&#8217;ells, aix\u00f2 ens feia tenir seguretat en la defensa i concentrar-nos en finalitzar b\u00e9 les jugades. Tot l&#8217;esfor\u00e7 i treball va fer que pogu\u00e9ssim encaixar quatre gols m\u00e9s. Finalment vam acabar 0-6.<\/p>\n<p>Dolors: partit important en el sentit que ens ha ajudat molt a sumar tres punts que no ens v\u00e9nen gens malament. Tot i aix\u00ed ens toca seguir treballant per poder acabar b\u00e9 la temporada.<\/p>\n<p>&nbsp;<\/p>\n<p>B\u00fafala 0-6 Infantil E<\/p>\n<p>Partido muy bueno por nuestra parte.<br \/>\nEn el inicio hemos salido muy fuertes, ten\u00edamos much\u00edsimas jugadas pero ninguna con \u00e9xito. El rival no pasaba de medio campo. Atac\u00e1bamos continuamente pero ten\u00edamos mala suerte de cara al gol. El equipo ha bajado un poco la intensidad al ver que fall\u00e1bamos tantas ocasiones pero a\u00fan as\u00ed lo segu\u00edamos intentando. Conseguimos encajar dos goles y nos fuimos a la media parte 0-2.<\/p>\n<p>Tras salir a la segunda parte sab\u00edamos que pod\u00edamos encajar m\u00e1s goles y que est\u00e1bamos siendo superiores. El rival segu\u00eda sin pasar de medio campo. Todas las acciones se realizaban en el campo de ellos, eso nos hac\u00eda tener seguridad en la defensa y concentrarnos en finalizar bien las jugadas. Todo el esfuerzo y trabajo hizo que pudi\u00e9semos encajar cuatro goles m\u00e1s. Finalmente acabamos 0-6.<\/p>\n<p>Dolors: partido importante en el sentido que nos ha ayudado mucho a sumar tres puntos que no nos vienen nada mal. A\u00fan as\u00ed nos toca seguir trabajando para poder acabar bien la temporada.<\/p>\n<p>&nbsp;<\/p>\n","protected":false},"excerpt":{"rendered":"<p>&nbsp; Infantil A: Martinenc 0-5 Infantil A PARTID\u00c0S en maj\u00fascules. L&#8217;infantil A va sortir a per totes i a pel t\u00edtol de lliga, el Martinenc 2 a la taula intentava acostar-se al l\u00edder per\u00f2 aquest grup no el va deixar. Bona 1\u00aa part amb molta intensitat treballem molt la seva sortida de pilota i fer-los [&hellip;]<\/p>\n","protected":false},"author":9,"featured_media":26732,"comment_status":"closed","ping_status":"closed","sticky":false,"template":"","format":"standard","meta":{"footnotes":""},"categories":[4,9],"tags":[],"class_list":["post-26730","post","type-post","status-publish","format-standard","has-post-thumbnail","hentry","category-base-inclusiu","category-infantils"],"_links":{"self":[{"href":"https:\/\/fegrama.cat\/web\/wp-json\/wp\/v2\/posts\/26730","targetHints":{"allow":["GET"]}}],"collection":[{"href":"https:\/\/fegrama.cat\/web\/wp-json\/wp\/v2\/posts"}],"about":[{"href":"https:\/\/fegrama.cat\/web\/wp-json\/wp\/v2\/types\/post"}],"author":[{"embeddable":true,"href":"https:\/\/fegrama.cat\/web\/wp-json\/wp\/v2\/users\/9"}],"replies":[{"embeddable":true,"href":"https:\/\/fegrama.cat\/web\/wp-json\/wp\/v2\/comments?post=26730"}],"version-history":[{"count":1,"href":"https:\/\/fegrama.cat\/web\/wp-json\/wp\/v2\/posts\/26730\/revisions"}],"predecessor-version":[{"id":26733,"href":"https:\/\/fegrama.cat\/web\/wp-json\/wp\/v2\/posts\/26730\/revisions\/26733"}],"wp:featuredmedia":[{"embeddable":true,"href":"https:\/\/fegrama.cat\/web\/wp-json\/wp\/v2\/media\/26732"}],"wp:attachment":[{"href":"https:\/\/fegrama.cat\/web\/wp-json\/wp\/v2\/media?parent=26730"}],"wp:term":[{"taxonomy":"category","embeddable":true,"href":"https:\/\/fegrama.cat\/web\/wp-json\/wp\/v2\/categories?post=26730"},{"taxonomy":"post_tag","embeddable":true,"href":"https:\/\/fegrama.cat\/web\/wp-json\/wp\/v2\/tags?post=26730"}],"curies":[{"name":"wp","href":"https:\/\/api.w.org\/{rel}","templated":true}]}}