{"id":24816,"date":"2018-06-10T14:57:20","date_gmt":"2018-06-10T13:57:20","guid":{"rendered":"http:\/\/fegrama.cat\/web\/?p=24816"},"modified":"2018-06-10T14:57:32","modified_gmt":"2018-06-10T13:57:32","slug":"empat-de-linfantil-d-per-terminar-la-lliga","status":"publish","type":"post","link":"https:\/\/fegrama.cat\/web\/empat-de-linfantil-d-per-terminar-la-lliga\/","title":{"rendered":"Empat de l&#8217;Infantil D per tancar la lliga"},"content":{"rendered":"<p>El Infantil D va finalitzar la temporada amb un empat (3-3) a Les Oliveres davant el CE La Salle Bonanova C.<\/p>\n<p>\u00daltim partit de lliga i els colomenses ho van donar tot davant un combativo pen\u00faltim classificat. Primera mitja molt competida pels dos conjunts, els visitants es van posar 0-2 per\u00f2 un doblete d&#8217;Oscar va posar un 2-2 al descans. En la segona mitja m\u00e9s emoci\u00f3.<\/p>\n<p>Oscar va fer el seu hat-trick al minut de reiniciar el joc, posant-se per davant de la Grama, per\u00f2 a 6 minuts per a la final arribaria el definitiu 3-3. Bon final de campanya amb tres jornades seguides sense perdre, i l&#8217;important ha estat l&#8217;evoluci\u00f3 dels nens, la gran pinya i la bona amistat que s&#8217;ha pogut veure.<\/p>\n<p>[divider]<\/p>\n<p>El Infantil D termin\u00f3 la temporada con un empate (3-3) en Les Oliveres ante el\u00a0CE La Salle Bonanova C.<\/p>\n<p>\u00daltima partido de liga y los colomenses lo dieron todo ante un combativo pen\u00faltimo clasificado. Primera mitad muy competida por ambos conjuntos, los visitantes se pusieron 0-2 pero un doblete de Oscar puso un 2-2 al descanso. En la segunda mitad m\u00e1s emoci\u00f3n.<\/p>\n<p>Oscar hizo su hat-trick al minuto de reanudarse el juego, poniendo por delante a la Grama, pero a 6 minutos para el final llegar\u00eda el definitivo 3-3. Buen final de campa\u00f1a con tres jornadas seguidas sin perder, y lo importante ha sido la evoluci\u00f3n de los ni\u00f1os, la gran pi\u00f1a y amistad que se ha podido ver.<\/p>\n<p>&nbsp;<\/p>\n","protected":false},"excerpt":{"rendered":"<p>El Infantil D va finalitzar la temporada amb un empat (3-3) a Les Oliveres davant el CE La Salle Bonanova C. \u00daltim partit de lliga i els colomenses ho van donar tot davant un combativo pen\u00faltim classificat. Primera mitja molt competida pels dos conjunts, els visitants es van posar 0-2 per\u00f2 un doblete d&#8217;Oscar va [&hellip;]<\/p>\n","protected":false},"author":1,"featured_media":304,"comment_status":"closed","ping_status":"closed","sticky":false,"template":"","format":"standard","meta":{"footnotes":""},"categories":[4,9],"tags":[],"class_list":["post-24816","post","type-post","status-publish","format-standard","has-post-thumbnail","hentry","category-base-inclusiu","category-infantils"],"_links":{"self":[{"href":"https:\/\/fegrama.cat\/web\/wp-json\/wp\/v2\/posts\/24816","targetHints":{"allow":["GET"]}}],"collection":[{"href":"https:\/\/fegrama.cat\/web\/wp-json\/wp\/v2\/posts"}],"about":[{"href":"https:\/\/fegrama.cat\/web\/wp-json\/wp\/v2\/types\/post"}],"author":[{"embeddable":true,"href":"https:\/\/fegrama.cat\/web\/wp-json\/wp\/v2\/users\/1"}],"replies":[{"embeddable":true,"href":"https:\/\/fegrama.cat\/web\/wp-json\/wp\/v2\/comments?post=24816"}],"version-history":[{"count":3,"href":"https:\/\/fegrama.cat\/web\/wp-json\/wp\/v2\/posts\/24816\/revisions"}],"predecessor-version":[{"id":24819,"href":"https:\/\/fegrama.cat\/web\/wp-json\/wp\/v2\/posts\/24816\/revisions\/24819"}],"wp:featuredmedia":[{"embeddable":true,"href":"https:\/\/fegrama.cat\/web\/wp-json\/wp\/v2\/media\/304"}],"wp:attachment":[{"href":"https:\/\/fegrama.cat\/web\/wp-json\/wp\/v2\/media?parent=24816"}],"wp:term":[{"taxonomy":"category","embeddable":true,"href":"https:\/\/fegrama.cat\/web\/wp-json\/wp\/v2\/categories?post=24816"},{"taxonomy":"post_tag","embeddable":true,"href":"https:\/\/fegrama.cat\/web\/wp-json\/wp\/v2\/tags?post=24816"}],"curies":[{"name":"wp","href":"https:\/\/api.w.org\/{rel}","templated":true}]}}