{"id":24810,"date":"2018-06-07T14:29:55","date_gmt":"2018-06-07T13:29:55","guid":{"rendered":"http:\/\/fegrama.cat\/web\/?p=24810"},"modified":"2018-06-07T14:29:55","modified_gmt":"2018-06-07T13:29:55","slug":"sete-lloc-historic-del-cadet-a","status":"publish","type":"post","link":"https:\/\/fegrama.cat\/web\/sete-lloc-historic-del-cadet-a\/","title":{"rendered":"Set\u00e8 lloc hist\u00f2ric del Cadet A"},"content":{"rendered":"<p>Cinquena temporada de vida per al Cadet A de la Fundaci\u00f3 Esportiva Grama i la plantilla 2017\/18 va acabar com el millor equip dels cinc anys de vida. El conjunt dirigit per Christian Rueda, Juan Diego S\u00e1nchez i Carlos Fern\u00e1ndez va complir l&#8217;objectiu i el Cadet A seguir\u00e0 sent de Preferent un any m\u00e9s, ser\u00e0 el tercer consecutiu i el quart en la categoria.<\/p>\n<p>El primer Cadet A de la hist\u00f2ria (2013\/14) va acabar en 13\u00aa posici\u00f3 el que els va portar a perdre la categoria i estar a Primera Divisi\u00f3 dos anys seguits. La temporada passada amb els mateixos entrenadors que la que acaba d&#8217;acabar van aconseguir salvar la categoria en 11\u00aa posici\u00f3 i amb 7 punts d&#8217;avantatge respecte al descens.<\/p>\n<p>Aquesta campanya van fer una primera volta irregular, fora de descens per\u00f2 amb 1 punt nom\u00e9s d&#8217;avantatge. La segona volta no va comen\u00e7ar gens b\u00e9, cinc partits consecutius els va portar a ficar-se en descens a 4 punts de la salvaci\u00f3.<\/p>\n<p>La Grama va reaccionar, quedaven 10 jornades per al final i amb molta feina van treure un total de 8 vict\u00f2ries, 1 empat i 1 derrota per sortir del pou, i de pas acabar en un gran 7\u00e8 lloc (empatats amb el 6\u00e8) en la classificaci\u00f3 amb 13 punts d&#8217;avantatge sobre el descens.<\/p>\n<figure id=\"attachment_24811\" aria-describedby=\"caption-attachment-24811\" style=\"width: 499px\" class=\"wp-caption aligncenter\"><a href=\"http:\/\/fegrama.cat\/web\/wp-content\/uploads\/2018\/06\/cuerpotecCA.jpg\"><img loading=\"lazy\" decoding=\"async\" class=\"wp-image-24811\" src=\"http:\/\/fegrama.cat\/web\/wp-content\/uploads\/2018\/06\/cuerpotecCA.jpg\" alt=\"\" width=\"499\" height=\"374\" srcset=\"https:\/\/fegrama.cat\/web\/wp-content\/uploads\/2018\/06\/cuerpotecCA.jpg 800w, https:\/\/fegrama.cat\/web\/wp-content\/uploads\/2018\/06\/cuerpotecCA-300x225.jpg 300w, https:\/\/fegrama.cat\/web\/wp-content\/uploads\/2018\/06\/cuerpotecCA-768x576.jpg 768w\" sizes=\"auto, (max-width: 499px) 100vw, 499px\" \/><\/a><figcaption id=\"caption-attachment-24811\" class=\"wp-caption-text\">El cuerpo t\u00e9cnico del Cadete A junto a Antonio Morales (presidente) y Toni D\u00edaz (entrenador 1r equipo).<\/figcaption><\/figure>\n<p>Quinta temporada de vida para el Cadete A de la Fundaci\u00f3 Esportiva Grama y la plantilla 2017\/18 termin\u00f3 como el mejor equipo de los cinco a\u00f1os de vida. El conjunto dirigido por Christian Rueda, Juan Diego S\u00e1nchez y Carlos Fern\u00e1ndez cumpli\u00f3 el objetivo y el Cadete A seguir\u00e1 siendo de Preferente un a\u00f1o m\u00e1s, ser\u00e1 el tercero consecutivo y el cuarto en la categor\u00eda.<\/p>\n<p>El primer Cadete A de la historia (2013\/14) termin\u00f3 en 13\u00aa posici\u00f3n lo que les llev\u00f3 a perder la categor\u00eda y estar en Primera Divisi\u00f3n dos a\u00f1os seguidos. La temporada pasada con los mismos entrenadores que la que acaba de terminar consiguieron salvar la categor\u00eda en 11\u00aa posici\u00f3n y con 7 puntos de ventaja respecto al descenso.<\/p>\n<p>Esta campa\u00f1a hicieron una primera vuelta irregular, fuera de descenso pero con 1 punto solamente de ventaja. La segunda vuelta no empez\u00f3 nada bien, cinco partidos consecutivos les llev\u00f3 a meterse en descenso a 4 puntos de la salvaci\u00f3n.<\/p>\n<p>La Grama reaccion\u00f3, quedaban 10 jornadas para el final y con mucho trabajo sacaron un total de 8 victorias, 1 empate y 1 derrota para salir del pozo, y de paso terminar en un gran 7\u00ba puesto (empatados con el 6\u00ba) en la clasificaci\u00f3n con 13 puntos de ventaja sobre el descenso.<\/p>\n","protected":false},"excerpt":{"rendered":"<p>Cinquena temporada de vida per al Cadet A de la Fundaci\u00f3 Esportiva Grama i la plantilla 2017\/18 va acabar com el millor equip dels cinc anys de vida. El conjunt dirigit per Christian Rueda, Juan Diego S\u00e1nchez i Carlos Fern\u00e1ndez va complir l&#8217;objectiu i el Cadet A seguir\u00e0 sent de Preferent un any m\u00e9s, ser\u00e0 [&hellip;]<\/p>\n","protected":false},"author":1,"featured_media":24811,"comment_status":"closed","ping_status":"closed","sticky":false,"template":"","format":"standard","meta":{"footnotes":""},"categories":[14],"tags":[],"class_list":["post-24810","post","type-post","status-publish","format-standard","has-post-thumbnail","hentry","category-noticies"],"_links":{"self":[{"href":"https:\/\/fegrama.cat\/web\/wp-json\/wp\/v2\/posts\/24810","targetHints":{"allow":["GET"]}}],"collection":[{"href":"https:\/\/fegrama.cat\/web\/wp-json\/wp\/v2\/posts"}],"about":[{"href":"https:\/\/fegrama.cat\/web\/wp-json\/wp\/v2\/types\/post"}],"author":[{"embeddable":true,"href":"https:\/\/fegrama.cat\/web\/wp-json\/wp\/v2\/users\/1"}],"replies":[{"embeddable":true,"href":"https:\/\/fegrama.cat\/web\/wp-json\/wp\/v2\/comments?post=24810"}],"version-history":[{"count":1,"href":"https:\/\/fegrama.cat\/web\/wp-json\/wp\/v2\/posts\/24810\/revisions"}],"predecessor-version":[{"id":24812,"href":"https:\/\/fegrama.cat\/web\/wp-json\/wp\/v2\/posts\/24810\/revisions\/24812"}],"wp:featuredmedia":[{"embeddable":true,"href":"https:\/\/fegrama.cat\/web\/wp-json\/wp\/v2\/media\/24811"}],"wp:attachment":[{"href":"https:\/\/fegrama.cat\/web\/wp-json\/wp\/v2\/media?parent=24810"}],"wp:term":[{"taxonomy":"category","embeddable":true,"href":"https:\/\/fegrama.cat\/web\/wp-json\/wp\/v2\/categories?post=24810"},{"taxonomy":"post_tag","embeddable":true,"href":"https:\/\/fegrama.cat\/web\/wp-json\/wp\/v2\/tags?post=24810"}],"curies":[{"name":"wp","href":"https:\/\/api.w.org\/{rel}","templated":true}]}}