{"id":24808,"date":"2018-06-06T17:08:15","date_gmt":"2018-06-06T16:08:15","guid":{"rendered":"http:\/\/fegrama.cat\/web\/?p=24808"},"modified":"2018-06-06T17:08:15","modified_gmt":"2018-06-06T16:08:15","slug":"previes-dels-equips-femenins-9-de-juny","status":"publish","type":"post","link":"https:\/\/fegrama.cat\/web\/previes-dels-equips-femenins-9-de-juny\/","title":{"rendered":"Pr\u00e8vies dels equips Femenins (9 de juny)"},"content":{"rendered":"<p><a href=\"http:\/\/fegrama.cat\/web\/wp-content\/uploads\/2017\/10\/juvcadA1718.jpg\"><img loading=\"lazy\" decoding=\"async\" class=\"aligncenter\" src=\"http:\/\/fegrama.cat\/web\/wp-content\/uploads\/2017\/10\/juvcadA1718-1024x768.jpg\" alt=\"juvcadA1718\" width=\"618\" height=\"463\" \/><\/a><\/p>\n<p><strong>JUVENIL-CADET \u2018A\u2019<\/strong><\/p>\n<p>Les noies de David Go\u00f1i juguen dissabte a les 11 hores al Municipal de la Grama davant el Santa Susanna AE.<\/p>\n<p>Las chicas de David Go\u00f1i juegan el s\u00e1bado a las 11 horas en el\u00a0Municipal de la Grama ante la Santa Susanna AE.<\/p>\n<p><a href=\"http:\/\/fegrama.cat\/web\/wp-content\/uploads\/2017\/12\/juvcadB.jpeg\"><img loading=\"lazy\" decoding=\"async\" class=\"wp-image-22611 aligncenter\" src=\"http:\/\/fegrama.cat\/web\/wp-content\/uploads\/2017\/12\/juvcadB.jpeg\" sizes=\"auto, (max-width: 515px) 100vw, 515px\" srcset=\"http:\/\/fegrama.cat\/web\/wp-content\/uploads\/2017\/12\/juvcadB.jpeg 1014w, http:\/\/fegrama.cat\/web\/wp-content\/uploads\/2017\/12\/juvcadB-300x175.jpeg 300w, http:\/\/fegrama.cat\/web\/wp-content\/uploads\/2017\/12\/juvcadB-768x449.jpeg 768w\" alt=\"\" width=\"515\" height=\"301\" \/><\/a><\/p>\n<p><strong>JUVENIL-CADET \u2018B\u2019<\/strong><\/p>\n<p>L&#8217;equip de Sergio Sierra juga dissabte a les 18:15 hores al Municipal de la Grama davant el CE Seagull.<\/p>\n<p>El equipo de Sergio Sierra juega el s\u00e1bado a las 18:15 horas en el Municipal de la Grama ante el CE Seagull.<\/p>\n<div><a href=\"http:\/\/fegrama.cat\/web\/wp-content\/uploads\/2017\/10\/cadinf.jpg\"><img loading=\"lazy\" decoding=\"async\" class=\"aligncenter\" src=\"http:\/\/fegrama.cat\/web\/wp-content\/uploads\/2017\/10\/cadinf.jpg\" alt=\"cadinf\" width=\"640\" height=\"640\" \/><\/a><\/div>\n<div><strong>CADET-INFANTIL<\/strong><\/div>\n<p>L\u2019equip d\u2019Antonio Autero t\u00e9 partit dissabte a les 13 hores al\u00a0Municipal Nou Pep\u00edn Valls davant la UE Castellar.<\/p>\n<p>El equipo de Antonio Autero tiene partido el s\u00e1bado a las 13 horas en el Municipal Nou Pep\u00edn Valls ante la UE Castellar.<a href=\"http:\/\/fegrama.cat\/web\/wp-content\/uploads\/2017\/10\/aleben1718.jpg\"><img loading=\"lazy\" decoding=\"async\" class=\"aligncenter\" src=\"http:\/\/fegrama.cat\/web\/wp-content\/uploads\/2017\/10\/aleben1718-1024x768.jpg\" alt=\"aleben1718\" width=\"618\" height=\"463\" \/><\/a><\/p>\n<div>\u00a0<strong>ALEV\u00cd-BENJAM\u00cd<\/strong><\/div>\n<p>Darrera jornada per l&#8217;\u2019equip de Dolors Mart\u00ednez, i novament descansen.<\/p>\n<p>\u00daltima jornada para el equipo de Dolors Mart\u00ednez, y nuevamente descansan.<\/p>\n","protected":false},"excerpt":{"rendered":"<p>JUVENIL-CADET \u2018A\u2019 Les noies de David Go\u00f1i juguen dissabte a les 11 hores al Municipal de la Grama davant el Santa Susanna AE. Las chicas de David Go\u00f1i juegan el s\u00e1bado a las 11 horas en el\u00a0Municipal de la Grama ante la Santa Susanna AE. JUVENIL-CADET \u2018B\u2019 L&#8217;equip de Sergio Sierra juga dissabte a les [&hellip;]<\/p>\n","protected":false},"author":1,"featured_media":10674,"comment_status":"closed","ping_status":"closed","sticky":false,"template":"","format":"standard","meta":{"footnotes":""},"categories":[4,13],"tags":[],"class_list":["post-24808","post","type-post","status-publish","format-standard","has-post-thumbnail","hentry","category-base-inclusiu","category-femeni"],"_links":{"self":[{"href":"https:\/\/fegrama.cat\/web\/wp-json\/wp\/v2\/posts\/24808","targetHints":{"allow":["GET"]}}],"collection":[{"href":"https:\/\/fegrama.cat\/web\/wp-json\/wp\/v2\/posts"}],"about":[{"href":"https:\/\/fegrama.cat\/web\/wp-json\/wp\/v2\/types\/post"}],"author":[{"embeddable":true,"href":"https:\/\/fegrama.cat\/web\/wp-json\/wp\/v2\/users\/1"}],"replies":[{"embeddable":true,"href":"https:\/\/fegrama.cat\/web\/wp-json\/wp\/v2\/comments?post=24808"}],"version-history":[{"count":1,"href":"https:\/\/fegrama.cat\/web\/wp-json\/wp\/v2\/posts\/24808\/revisions"}],"predecessor-version":[{"id":24809,"href":"https:\/\/fegrama.cat\/web\/wp-json\/wp\/v2\/posts\/24808\/revisions\/24809"}],"wp:featuredmedia":[{"embeddable":true,"href":"https:\/\/fegrama.cat\/web\/wp-json\/wp\/v2\/media\/10674"}],"wp:attachment":[{"href":"https:\/\/fegrama.cat\/web\/wp-json\/wp\/v2\/media?parent=24808"}],"wp:term":[{"taxonomy":"category","embeddable":true,"href":"https:\/\/fegrama.cat\/web\/wp-json\/wp\/v2\/categories?post=24808"},{"taxonomy":"post_tag","embeddable":true,"href":"https:\/\/fegrama.cat\/web\/wp-json\/wp\/v2\/tags?post=24808"}],"curies":[{"name":"wp","href":"https:\/\/api.w.org\/{rel}","templated":true}]}}