{"id":24806,"date":"2018-06-06T16:48:13","date_gmt":"2018-06-06T15:48:13","guid":{"rendered":"http:\/\/fegrama.cat\/web\/?p=24806"},"modified":"2018-06-06T16:48:13","modified_gmt":"2018-06-06T15:48:13","slug":"els-juvenils-c-i-d-tanquen-les-seves-temporades-9-i-10-de-juny","status":"publish","type":"post","link":"https:\/\/fegrama.cat\/web\/els-juvenils-c-i-d-tanquen-les-seves-temporades-9-i-10-de-juny\/","title":{"rendered":"Els Juvenils C i D tanquen les seves temporades (9 i 10 de juny)"},"content":{"rendered":"<p><strong>JUVENIL C<\/strong><\/p>\n<p>L\u2019equip dirigit per Enric Ginesta juga a Barcelona dissabte a les 15 hores contra el Sant Ignasi E.<\/p>\n<p>El equipo dirigido por Enric Ginesta juega en Barcelona el s\u00e1bado a las 15 horas contra el Sant Ignasi E.<\/p>\n<div>\n<div class=\"clear\"><a href=\"http:\/\/fegrama.cat\/web\/wp-content\/uploads\/2018\/01\/juvD.jpg\"><img loading=\"lazy\" decoding=\"async\" class=\"aligncenter size-large wp-image-22682\" src=\"http:\/\/fegrama.cat\/web\/wp-content\/uploads\/2018\/01\/juvD-1024x415.jpg\" sizes=\"auto, (max-width: 618px) 100vw, 618px\" srcset=\"http:\/\/fegrama.cat\/web\/wp-content\/uploads\/2018\/01\/juvD-1024x415.jpg 1024w, http:\/\/fegrama.cat\/web\/wp-content\/uploads\/2018\/01\/juvD-300x121.jpg 300w, http:\/\/fegrama.cat\/web\/wp-content\/uploads\/2018\/01\/juvD-768x311.jpg 768w, http:\/\/fegrama.cat\/web\/wp-content\/uploads\/2018\/01\/juvD.jpg 1294w\" alt=\"\" width=\"618\" height=\"250\" \/><\/a><\/div>\n<\/div>\n<p><strong>JUVENIL D<\/strong><\/p>\n<p>Els nois d\u2019Oscar P\u00e9rez jugar\u00e0 al Municipal Sant Mart\u00ed de Proven\u00e7als el dissabte a les 12 hores davant el CE PB Barcino B.<\/p>\n<p>Los chicos de Oscar P\u00e9rez jugar\u00e1 en el Municipal Sant Mart\u00ed de Proven\u00e7als el s\u00e1bado a las 12 horas ante el CE PB Barcino B.<\/p>\n","protected":false},"excerpt":{"rendered":"<p>JUVENIL C L\u2019equip dirigit per Enric Ginesta juga a Barcelona dissabte a les 15 hores contra el Sant Ignasi E. El equipo dirigido por Enric Ginesta juega en Barcelona el s\u00e1bado a las 15 horas contra el Sant Ignasi E. JUVENIL D Els nois d\u2019Oscar P\u00e9rez jugar\u00e0 al Municipal Sant Mart\u00ed de Proven\u00e7als el dissabte [&hellip;]<\/p>\n","protected":false},"author":1,"featured_media":3787,"comment_status":"closed","ping_status":"closed","sticky":false,"template":"","format":"standard","meta":{"footnotes":""},"categories":[4,6],"tags":[],"class_list":["post-24806","post","type-post","status-publish","format-standard","has-post-thumbnail","hentry","category-base-inclusiu","category-juvenils"],"_links":{"self":[{"href":"https:\/\/fegrama.cat\/web\/wp-json\/wp\/v2\/posts\/24806","targetHints":{"allow":["GET"]}}],"collection":[{"href":"https:\/\/fegrama.cat\/web\/wp-json\/wp\/v2\/posts"}],"about":[{"href":"https:\/\/fegrama.cat\/web\/wp-json\/wp\/v2\/types\/post"}],"author":[{"embeddable":true,"href":"https:\/\/fegrama.cat\/web\/wp-json\/wp\/v2\/users\/1"}],"replies":[{"embeddable":true,"href":"https:\/\/fegrama.cat\/web\/wp-json\/wp\/v2\/comments?post=24806"}],"version-history":[{"count":1,"href":"https:\/\/fegrama.cat\/web\/wp-json\/wp\/v2\/posts\/24806\/revisions"}],"predecessor-version":[{"id":24807,"href":"https:\/\/fegrama.cat\/web\/wp-json\/wp\/v2\/posts\/24806\/revisions\/24807"}],"wp:featuredmedia":[{"embeddable":true,"href":"https:\/\/fegrama.cat\/web\/wp-json\/wp\/v2\/media\/3787"}],"wp:attachment":[{"href":"https:\/\/fegrama.cat\/web\/wp-json\/wp\/v2\/media?parent=24806"}],"wp:term":[{"taxonomy":"category","embeddable":true,"href":"https:\/\/fegrama.cat\/web\/wp-json\/wp\/v2\/categories?post=24806"},{"taxonomy":"post_tag","embeddable":true,"href":"https:\/\/fegrama.cat\/web\/wp-json\/wp\/v2\/tags?post=24806"}],"curies":[{"name":"wp","href":"https:\/\/api.w.org\/{rel}","templated":true}]}}