{"id":24804,"date":"2018-06-06T16:44:04","date_gmt":"2018-06-06T15:44:04","guid":{"rendered":"http:\/\/fegrama.cat\/web\/?p=24804"},"modified":"2018-06-06T16:44:04","modified_gmt":"2018-06-06T15:44:04","slug":"ultim-partit-de-lliga-de-linfantil-d-i-amistos-del-nou-infantil-a","status":"publish","type":"post","link":"https:\/\/fegrama.cat\/web\/ultim-partit-de-lliga-de-linfantil-d-i-amistos-del-nou-infantil-a\/","title":{"rendered":"\u00daltim partit de lliga de l&#8217;Infantil D, i amist\u00f3s del nou Infantil A"},"content":{"rendered":"<p><strong>INFANTIL A<\/strong><\/p>\n<p>El nou Infantil A, equip d&#8217;Iv\u00e1n Cort\u00e9s i Brian Espinola, comen\u00e7a a construir-se de cara a la temporada 2018\/19. Dissabte a les 16:30 hores juguen un amist\u00f3s al Municipal de la Grama davant el FC Santfeliuenc.<\/p>\n<p>El nuevo Infantil A, equipo de Iv\u00e1n Cort\u00e9s y Brian Espinola, empieza a construirse de cara a la temporada 2018\/19. El s\u00e1bado a las 16:30 horas juegan un amistoso en el Municipal de la Grama ante el FC Santfeliuenc.<\/p>\n<p>[divider]<\/p>\n<p><strong>INFANTIL D<\/strong><\/p>\n<p>L\u2019equip de Juan Antonio Abril juga dissabte a les 12 hores al Municipal de Les Oliveres davant el CE La Salle Bonanova C.<\/p>\n<p>El equipo de Juan Antonio Abril juega el\u00a0s\u00e1bado\u00a0a las 12 horas en el\u00a0Municipal de Les Oliveres ante el\u00a0CE La Salle Bonanova C.<\/p>\n<div class=\"divider\">\n<div class=\"divider\">\n<div class=\"divider\">[divider]<\/div>\n<\/div>\n<\/div>\n<p><strong>INFANTIL E<\/strong><\/p>\n<p>Els nois de Jos\u00e9 Mar\u00eda Tiz\u00f3n van jugar el seu \u00faltim partit de lliga la setmana passada, aquesta jornada descansa.<\/p>\n<p>Los chicos de Jos\u00e9 Mar\u00eda Tiz\u00f3n\u00a0jugaron su \u00faltimo partido de liga la semana pasada, esta jornada descansa.<\/p>\n","protected":false},"excerpt":{"rendered":"<p>INFANTIL A El nou Infantil A, equip d&#8217;Iv\u00e1n Cort\u00e9s i Brian Espinola, comen\u00e7a a construir-se de cara a la temporada 2018\/19. Dissabte a les 16:30 hores juguen un amist\u00f3s al Municipal de la Grama davant el FC Santfeliuenc. El nuevo Infantil A, equipo de Iv\u00e1n Cort\u00e9s y Brian Espinola, empieza a construirse de cara a [&hellip;]<\/p>\n","protected":false},"author":1,"featured_media":7118,"comment_status":"closed","ping_status":"closed","sticky":false,"template":"","format":"standard","meta":{"footnotes":""},"categories":[4,9],"tags":[],"class_list":["post-24804","post","type-post","status-publish","format-standard","has-post-thumbnail","hentry","category-base-inclusiu","category-infantils"],"_links":{"self":[{"href":"https:\/\/fegrama.cat\/web\/wp-json\/wp\/v2\/posts\/24804","targetHints":{"allow":["GET"]}}],"collection":[{"href":"https:\/\/fegrama.cat\/web\/wp-json\/wp\/v2\/posts"}],"about":[{"href":"https:\/\/fegrama.cat\/web\/wp-json\/wp\/v2\/types\/post"}],"author":[{"embeddable":true,"href":"https:\/\/fegrama.cat\/web\/wp-json\/wp\/v2\/users\/1"}],"replies":[{"embeddable":true,"href":"https:\/\/fegrama.cat\/web\/wp-json\/wp\/v2\/comments?post=24804"}],"version-history":[{"count":1,"href":"https:\/\/fegrama.cat\/web\/wp-json\/wp\/v2\/posts\/24804\/revisions"}],"predecessor-version":[{"id":24805,"href":"https:\/\/fegrama.cat\/web\/wp-json\/wp\/v2\/posts\/24804\/revisions\/24805"}],"wp:featuredmedia":[{"embeddable":true,"href":"https:\/\/fegrama.cat\/web\/wp-json\/wp\/v2\/media\/7118"}],"wp:attachment":[{"href":"https:\/\/fegrama.cat\/web\/wp-json\/wp\/v2\/media?parent=24804"}],"wp:term":[{"taxonomy":"category","embeddable":true,"href":"https:\/\/fegrama.cat\/web\/wp-json\/wp\/v2\/categories?post=24804"},{"taxonomy":"post_tag","embeddable":true,"href":"https:\/\/fegrama.cat\/web\/wp-json\/wp\/v2\/tags?post=24804"}],"curies":[{"name":"wp","href":"https:\/\/api.w.org\/{rel}","templated":true}]}}