{"id":24777,"date":"2018-06-06T17:16:23","date_gmt":"2018-06-06T16:16:23","guid":{"rendered":"http:\/\/fegrama.cat\/web\/?p=24777"},"modified":"2018-06-06T17:16:23","modified_gmt":"2018-06-06T16:16:23","slug":"una-gran-remuntada-salva-a-linfantil-b","status":"publish","type":"post","link":"https:\/\/fegrama.cat\/web\/una-gran-remuntada-salva-a-linfantil-b\/","title":{"rendered":"Una gran remuntada salva a l&#8217;Infantil B"},"content":{"rendered":"<p>El conjunt dirigit aquesta temporada per Kevin P\u00e9rez va aconseguir en l&#8217;\u00faltim partit la salvaci\u00f3 en el Grup 2 de Primera Divisi\u00f3. Molts van donar a la Grama per morta ja que en la jornada 22 estaven situats en llocs de descens a 12 punts de la perman\u00e8ncia.<\/p>\n<p>Quedaven 8 jornades i els colomencs van remuntar la tan complicada situaci\u00f3 que tenien, no solament eren 12 punts tamb\u00e9 que el seu m\u00e0xim rival els tenia guanyats el goal average. A poc a poc els blaus van anar restant punts gr\u00e0cies a 7 vict\u00f2ries i tan sols una ensopegada.<\/p>\n<p>L&#8217;Infantil B no solament va fer un gran esprint final, tamb\u00e9 va signar una setmana clau amb dues vict\u00f2ries que els van fer sortir del pou. Dues vict\u00f2ries per un ajustat 2-1 van posar a la Fundaci\u00f3 per sobre del descens i sabent que amb una vict\u00f2ria en l&#8217;\u00faltima jornada seguirien sent de Primera.<\/p>\n<p>En l&#8217;\u00faltima jornada la Grama no va fallar i va aconseguir una important vict\u00f2ria per 1-5 per obtenir la perman\u00e8ncia a Primera Divisi\u00f3.<\/p>\n<p><a href=\"http:\/\/fegrama.cat\/web\/wp-content\/uploads\/2018\/06\/WhatsApp-Image-2018-06-01-at-20.45.05.jpeg\"><img loading=\"lazy\" decoding=\"async\" class=\"aligncenter size-large wp-image-24755\" src=\"http:\/\/fegrama.cat\/web\/wp-content\/uploads\/2018\/06\/WhatsApp-Image-2018-06-01-at-20.45.05-1024x573.jpeg\" sizes=\"auto, (max-width: 618px) 100vw, 618px\" srcset=\"http:\/\/fegrama.cat\/web\/wp-content\/uploads\/2018\/06\/WhatsApp-Image-2018-06-01-at-20.45.05-1024x573.jpeg 1024w, http:\/\/fegrama.cat\/web\/wp-content\/uploads\/2018\/06\/WhatsApp-Image-2018-06-01-at-20.45.05-300x168.jpeg 300w, http:\/\/fegrama.cat\/web\/wp-content\/uploads\/2018\/06\/WhatsApp-Image-2018-06-01-at-20.45.05-768x430.jpeg 768w, http:\/\/fegrama.cat\/web\/wp-content\/uploads\/2018\/06\/WhatsApp-Image-2018-06-01-at-20.45.05.jpeg 1334w\" alt=\"\" width=\"618\" height=\"346\" \/><\/a><\/p>\n<p>El conjunto dirigido esta temporada por Kevin P\u00e9rez consigui\u00f3 en el \u00faltimo partido la salvaci\u00f3n en el Grupo 2 de Primera Divisi\u00f3n. Muchos dieron a la Grama por muerta\u00a0ya que en la jornada 22 estaban situados en puestos de descensos a 12 puntos de la permanencia.<\/p>\n<p>Quedaban 8 jornadas y los colomenses remontaron la tan complicada situaci\u00f3n que ten\u00edan, no solamente eran 12 puntos tambi\u00e9n que su m\u00e1ximo rival les ten\u00eda ganados el goal average. Poco a poco los azules fueron restando puntos gracias a 7 victorias y tan s\u00f3lo un tropiezo.<\/p>\n<p>El Infantil B no solamente hizo un gran sprint final, tambi\u00e9n firm\u00f3 una semana clave con dos victorias que les hicieron salir del pozo. Dos victorias por un ajustado 2-1 pusieron a la Fundaci\u00f3 por encima del descenso y sabiendo que con una victoria en la \u00faltima jornada seguir\u00edan siendo de Primera.<\/p>\n<p>En la \u00faltima jornada la Grama no fall\u00f3 y consigui\u00f3 una importante victoria por 1-5 para obtener la permanencia en Primera Divisi\u00f3n.<\/p>\n","protected":false},"excerpt":{"rendered":"<p>El conjunt dirigit aquesta temporada per Kevin P\u00e9rez va aconseguir en l&#8217;\u00faltim partit la salvaci\u00f3 en el Grup 2 de Primera Divisi\u00f3. Molts van donar a la Grama per morta ja que en la jornada 22 estaven situats en llocs de descens a 12 punts de la perman\u00e8ncia. Quedaven 8 jornades i els colomencs van [&hellip;]<\/p>\n","protected":false},"author":1,"featured_media":24755,"comment_status":"closed","ping_status":"closed","sticky":false,"template":"","format":"standard","meta":{"footnotes":""},"categories":[14],"tags":[],"class_list":["post-24777","post","type-post","status-publish","format-standard","has-post-thumbnail","hentry","category-noticies"],"_links":{"self":[{"href":"https:\/\/fegrama.cat\/web\/wp-json\/wp\/v2\/posts\/24777","targetHints":{"allow":["GET"]}}],"collection":[{"href":"https:\/\/fegrama.cat\/web\/wp-json\/wp\/v2\/posts"}],"about":[{"href":"https:\/\/fegrama.cat\/web\/wp-json\/wp\/v2\/types\/post"}],"author":[{"embeddable":true,"href":"https:\/\/fegrama.cat\/web\/wp-json\/wp\/v2\/users\/1"}],"replies":[{"embeddable":true,"href":"https:\/\/fegrama.cat\/web\/wp-json\/wp\/v2\/comments?post=24777"}],"version-history":[{"count":2,"href":"https:\/\/fegrama.cat\/web\/wp-json\/wp\/v2\/posts\/24777\/revisions"}],"predecessor-version":[{"id":24779,"href":"https:\/\/fegrama.cat\/web\/wp-json\/wp\/v2\/posts\/24777\/revisions\/24779"}],"wp:featuredmedia":[{"embeddable":true,"href":"https:\/\/fegrama.cat\/web\/wp-json\/wp\/v2\/media\/24755"}],"wp:attachment":[{"href":"https:\/\/fegrama.cat\/web\/wp-json\/wp\/v2\/media?parent=24777"}],"wp:term":[{"taxonomy":"category","embeddable":true,"href":"https:\/\/fegrama.cat\/web\/wp-json\/wp\/v2\/categories?post=24777"},{"taxonomy":"post_tag","embeddable":true,"href":"https:\/\/fegrama.cat\/web\/wp-json\/wp\/v2\/tags?post=24777"}],"curies":[{"name":"wp","href":"https:\/\/api.w.org\/{rel}","templated":true}]}}