{"id":24757,"date":"2018-06-03T18:15:07","date_gmt":"2018-06-03T17:15:07","guid":{"rendered":"http:\/\/fegrama.cat\/web\/?p=24757"},"modified":"2018-06-03T20:36:55","modified_gmt":"2018-06-03T19:36:55","slug":"victoria-del-cadet-c-per-acabar-la-temporada-sise","status":"publish","type":"post","link":"https:\/\/fegrama.cat\/web\/victoria-del-cadet-c-per-acabar-la-temporada-sise\/","title":{"rendered":"Vict\u00f2ria del Cadet C per acabar la temporada sis\u00e8"},"content":{"rendered":"<p>El Cadet C va acabar la temporada sis\u00e8 empatats amb el cinqu\u00e8, i amb vict\u00f2ria per 1-4 davant la U.At.Horta.<\/p>\n<p>La Grama va comen\u00e7ar perdent al encaixar un gol d&#8217;estrat\u00e8gia per\u00f2 tot i aix\u00ed no es van enfonsar, van seguir controlant el partit i generant moltes ocasions. Els colomencs van estar molt seriosos en defensa, b\u00e9 en les pressions.<\/p>\n<p>Els visitants van ser millors i van plasmar el seu domini amb quatre gols per capgirar el marcador. Javier va empatar abans del descans, al minut 1 de la segona meitat Aleix va fer el 1-2, Aleix i Jordi van tancar la golejada. S&#8217;acaba una gran campanya d&#8217;aquests nois de primer any.<\/p>\n<p><a href=\"http:\/\/fegrama.cat\/web\/wp-content\/uploads\/2018\/06\/WhatsApp-Image-2018-06-03-at-20.25.05.jpeg\"><img loading=\"lazy\" decoding=\"async\" class=\"aligncenter size-large wp-image-24758\" src=\"http:\/\/fegrama.cat\/web\/wp-content\/uploads\/2018\/06\/WhatsApp-Image-2018-06-03-at-20.25.05-1024x768.jpeg\" alt=\"\" width=\"618\" height=\"464\" srcset=\"https:\/\/fegrama.cat\/web\/wp-content\/uploads\/2018\/06\/WhatsApp-Image-2018-06-03-at-20.25.05-1024x768.jpeg 1024w, https:\/\/fegrama.cat\/web\/wp-content\/uploads\/2018\/06\/WhatsApp-Image-2018-06-03-at-20.25.05-300x225.jpeg 300w, https:\/\/fegrama.cat\/web\/wp-content\/uploads\/2018\/06\/WhatsApp-Image-2018-06-03-at-20.25.05-768x576.jpeg 768w, https:\/\/fegrama.cat\/web\/wp-content\/uploads\/2018\/06\/WhatsApp-Image-2018-06-03-at-20.25.05.jpeg 1600w\" sizes=\"auto, (max-width: 618px) 100vw, 618px\" \/><\/a><\/p>\n<p>El Cadete C termin\u00f3 la temporada sexto empatados con el quinto, y con victoria por 1-4 ante la U.At.Horta.<\/p>\n<p>La Grama comenz\u00f3 perdiendo al encajar un gol de estrategia pero a\u00fan as\u00ed no se vinieron abajo, siguieron controlando el partido y generando muchas ocasiones. Los colomenses estuvieron muy serios en defensa, bien en las presiones.<\/p>\n<p>Los visitantes fueron mejores y plasmaron su dominio con cuatro goles para voltear el marcador. Javier empat\u00f3 antes del descanso, en el minuto 1 de la segunda mitad Aleix hizo el 1-2, Aleix y Jordi cerraron la goleada. Se acaba una gran campa\u00f1a de estos chicos de primer a\u00f1o.<\/p>\n","protected":false},"excerpt":{"rendered":"<p>El Cadet C va acabar la temporada sis\u00e8 empatats amb el cinqu\u00e8, i amb vict\u00f2ria per 1-4 davant la U.At.Horta. La Grama va comen\u00e7ar perdent al encaixar un gol d&#8217;estrat\u00e8gia per\u00f2 tot i aix\u00ed no es van enfonsar, van seguir controlant el partit i generant moltes ocasions. Els colomencs van estar molt seriosos en defensa, [&hellip;]<\/p>\n","protected":false},"author":1,"featured_media":24758,"comment_status":"closed","ping_status":"closed","sticky":false,"template":"","format":"standard","meta":{"footnotes":""},"categories":[4,7],"tags":[],"class_list":["post-24757","post","type-post","status-publish","format-standard","has-post-thumbnail","hentry","category-base-inclusiu","category-cadets"],"_links":{"self":[{"href":"https:\/\/fegrama.cat\/web\/wp-json\/wp\/v2\/posts\/24757","targetHints":{"allow":["GET"]}}],"collection":[{"href":"https:\/\/fegrama.cat\/web\/wp-json\/wp\/v2\/posts"}],"about":[{"href":"https:\/\/fegrama.cat\/web\/wp-json\/wp\/v2\/types\/post"}],"author":[{"embeddable":true,"href":"https:\/\/fegrama.cat\/web\/wp-json\/wp\/v2\/users\/1"}],"replies":[{"embeddable":true,"href":"https:\/\/fegrama.cat\/web\/wp-json\/wp\/v2\/comments?post=24757"}],"version-history":[{"count":1,"href":"https:\/\/fegrama.cat\/web\/wp-json\/wp\/v2\/posts\/24757\/revisions"}],"predecessor-version":[{"id":24759,"href":"https:\/\/fegrama.cat\/web\/wp-json\/wp\/v2\/posts\/24757\/revisions\/24759"}],"wp:featuredmedia":[{"embeddable":true,"href":"https:\/\/fegrama.cat\/web\/wp-json\/wp\/v2\/media\/24758"}],"wp:attachment":[{"href":"https:\/\/fegrama.cat\/web\/wp-json\/wp\/v2\/media?parent=24757"}],"wp:term":[{"taxonomy":"category","embeddable":true,"href":"https:\/\/fegrama.cat\/web\/wp-json\/wp\/v2\/categories?post=24757"},{"taxonomy":"post_tag","embeddable":true,"href":"https:\/\/fegrama.cat\/web\/wp-json\/wp\/v2\/tags?post=24757"}],"curies":[{"name":"wp","href":"https:\/\/api.w.org\/{rel}","templated":true}]}}