{"id":24749,"date":"2018-06-03T18:16:09","date_gmt":"2018-06-03T17:16:09","guid":{"rendered":"http:\/\/fegrama.cat\/web\/?p=24749"},"modified":"2018-06-03T18:16:09","modified_gmt":"2018-06-03T17:16:09","slug":"empat-que-sap-a-victoria-del-juvenil-cadet-b","status":"publish","type":"post","link":"https:\/\/fegrama.cat\/web\/empat-que-sap-a-victoria-del-juvenil-cadet-b\/","title":{"rendered":"Empat que sap a vict\u00f2ria del Juvenil-Cadet B"},"content":{"rendered":"<p>Empat a 3 entre el Juvenil-Cadet B i el CE Europa.<\/p>\n<p>La Grama es va deixar la pell en cada acci\u00f3 del partit, dominant de principi a fi el partit. Al minut 39 arribaria el 0-1 arribant al descans amb la sensaci\u00f3 que podrien guanyar el partit. A la segona meitat les colomenques van seguir dominant i en el 63 arribaria el 0-2.<\/p>\n<p>L&#8217;Europa va retallaria dist\u00e0ncies en el 72 i tan sols dos minuts m\u00e9s tard la Grama feia el 1-3. Dos minuts tamb\u00e9 van trigar les locals en tornar a marcar i en el 80 en una falta lateral arribaria l&#8217;empat amb molta pol\u00e8mica. Un centre gaireb\u00e9 sense perill ho va intentar blocar la portera visitant i una jugadora del Europa la va emp\u00e8nyer fent falta, l&#8217;\u00e0rbitre va deixar jugar i les locals van aprofitar un rebot per fer el 3-3 definitiu.<\/p>\n<p>Sergio Sierra (entrenador): \u00abNom\u00e9s em puc treure el barret i aplaudir des de la primera fins a l&#8217;\u00faltima nena. Es van buidar a cada jugada, en cada pilota dividida ser com si es juguessin la vida. El 3-3 deixa un mal gust de boca perqu\u00e8 podia haver estat un resultat rod\u00f3, per\u00f2 despr\u00e9s de la feina de les nenes per a mi va ser una vict\u00f2ria. Vull agrair a Jordi (Juvenil a) l&#8217;ajuda que ens va donar ahir a Beni, Silvia ia mi. \u00bb<\/p>\n<p><a href=\"http:\/\/fegrama.cat\/web\/wp-content\/uploads\/2017\/12\/juvcadB.jpeg\"><img loading=\"lazy\" decoding=\"async\" class=\"aligncenter  wp-image-22611\" src=\"http:\/\/fegrama.cat\/web\/wp-content\/uploads\/2017\/12\/juvcadB.jpeg\" alt=\"\" width=\"413\" height=\"241\" srcset=\"https:\/\/fegrama.cat\/web\/wp-content\/uploads\/2017\/12\/juvcadB.jpeg 1014w, https:\/\/fegrama.cat\/web\/wp-content\/uploads\/2017\/12\/juvcadB-300x175.jpeg 300w, https:\/\/fegrama.cat\/web\/wp-content\/uploads\/2017\/12\/juvcadB-768x449.jpeg 768w\" sizes=\"auto, (max-width: 413px) 100vw, 413px\" \/><\/a><\/p>\n<p>Empate a 3 entre el Juvenil-Cadete B y el CE Europa.<\/p>\n<p>La Grama se dej\u00f3 la piel en cada acci\u00f3n del partido, dominando de principio a fin el partido. En el minuto 39 llegar\u00eda el 0-1 llegando al descanso con la sensaci\u00f3n que podr\u00edan ganar el partido. En la segunda mitad las colomenses siguieron dominando y en el 63 llegar\u00eda el 0-2.<\/p>\n<p>El Europa recortar\u00eda distancias en el 72 y tan s\u00f3lo dos minutos m\u00e1s tarde la Grama hac\u00eda el 1-3. Dos minutos tambi\u00e9n tardaron las locales en volver a marcar y en el 80 en una falta lateral llegar\u00eda el empate con mucha pol\u00e9mica. Un centro sin apenas peligro lo intent\u00f3 blocar la portera visitante y una jugadora del Europa la empuj\u00f3 haciendo falta, el \u00e1rbitro dej\u00f3 jugar y las locales aprovecharon un rebote para hacer el 3-3 definitivo.<\/p>\n<p>Sergio Sierra (entrenador): \u00abSolo me puedo quitar el sombrero y aplaudir desde la primera hasta la \u00faltima ni\u00f1a. Se vaciaron en cada jugada, en cada bal\u00f3n dividido fueron como si se jugaran la vida. El 3-3 deja un mal sabor de boca porqu\u00e9 pod\u00eda haber sido un resultado redondo, pero despu\u00e9s del trabajo de las ni\u00f1as para mi fue una victoria. Quiero agradecer a Jordi (Juvenil A) la ayuda que nos dio ayer a Beni, Silvia y a mi.\u00bb<\/p>\n","protected":false},"excerpt":{"rendered":"<p>Empat a 3 entre el Juvenil-Cadet B i el CE Europa. La Grama es va deixar la pell en cada acci\u00f3 del partit, dominant de principi a fi el partit. Al minut 39 arribaria el 0-1 arribant al descans amb la sensaci\u00f3 que podrien guanyar el partit. A la segona meitat les colomenques van seguir [&hellip;]<\/p>\n","protected":false},"author":1,"featured_media":22611,"comment_status":"closed","ping_status":"closed","sticky":false,"template":"","format":"standard","meta":{"footnotes":""},"categories":[4,13],"tags":[],"class_list":["post-24749","post","type-post","status-publish","format-standard","has-post-thumbnail","hentry","category-base-inclusiu","category-femeni"],"_links":{"self":[{"href":"https:\/\/fegrama.cat\/web\/wp-json\/wp\/v2\/posts\/24749","targetHints":{"allow":["GET"]}}],"collection":[{"href":"https:\/\/fegrama.cat\/web\/wp-json\/wp\/v2\/posts"}],"about":[{"href":"https:\/\/fegrama.cat\/web\/wp-json\/wp\/v2\/types\/post"}],"author":[{"embeddable":true,"href":"https:\/\/fegrama.cat\/web\/wp-json\/wp\/v2\/users\/1"}],"replies":[{"embeddable":true,"href":"https:\/\/fegrama.cat\/web\/wp-json\/wp\/v2\/comments?post=24749"}],"version-history":[{"count":1,"href":"https:\/\/fegrama.cat\/web\/wp-json\/wp\/v2\/posts\/24749\/revisions"}],"predecessor-version":[{"id":24750,"href":"https:\/\/fegrama.cat\/web\/wp-json\/wp\/v2\/posts\/24749\/revisions\/24750"}],"wp:featuredmedia":[{"embeddable":true,"href":"https:\/\/fegrama.cat\/web\/wp-json\/wp\/v2\/media\/22611"}],"wp:attachment":[{"href":"https:\/\/fegrama.cat\/web\/wp-json\/wp\/v2\/media?parent=24749"}],"wp:term":[{"taxonomy":"category","embeddable":true,"href":"https:\/\/fegrama.cat\/web\/wp-json\/wp\/v2\/categories?post=24749"},{"taxonomy":"post_tag","embeddable":true,"href":"https:\/\/fegrama.cat\/web\/wp-json\/wp\/v2\/tags?post=24749"}],"curies":[{"name":"wp","href":"https:\/\/api.w.org\/{rel}","templated":true}]}}