{"id":24137,"date":"2018-04-23T10:17:53","date_gmt":"2018-04-23T09:17:53","guid":{"rendered":"http:\/\/fegrama.cat\/web\/?p=24137"},"modified":"2018-04-23T10:17:53","modified_gmt":"2018-04-23T09:17:53","slug":"maneta-de-linfantil-a-per-continuar-lider","status":"publish","type":"post","link":"https:\/\/fegrama.cat\/web\/maneta-de-linfantil-a-per-continuar-lider\/","title":{"rendered":"&#8216;Maneta&#8217; de l&#8217;Infantil A per continuar l\u00edder"},"content":{"rendered":"<p>L&#8217;Infantil A va guanyar amb solv\u00e8ncia a la PB Collblanc-Sants.<\/p>\n<p>Partit controlat en tot moment pels colomencs que no van donar cap opci\u00f3 a l&#8217;equip visitant. La Grama no va patir en cap moment, entrant b\u00e9 entre l\u00ednies i fent molt de mal a l&#8217;esquena del seu rival. Un cop m\u00e9s la Fundaci\u00f3 va demostrar que arriba amb forces per afrontar la recta final de lliga.<\/p>\n<p>Un hat-trick de Cristi\u00e1n i un doblet de Adri van donar els tres punts al seu equip.<\/p>\n<p><a href=\"http:\/\/fegrama.cat\/web\/wp-content\/uploads\/2018\/01\/infA.jpg\"><img loading=\"lazy\" decoding=\"async\" class=\"aligncenter size-large wp-image-22689\" src=\"http:\/\/fegrama.cat\/web\/wp-content\/uploads\/2018\/01\/infA-1024x768.jpg\" alt=\"\" width=\"618\" height=\"464\" srcset=\"https:\/\/fegrama.cat\/web\/wp-content\/uploads\/2018\/01\/infA-1024x768.jpg 1024w, https:\/\/fegrama.cat\/web\/wp-content\/uploads\/2018\/01\/infA-300x225.jpg 300w, https:\/\/fegrama.cat\/web\/wp-content\/uploads\/2018\/01\/infA-768x576.jpg 768w, https:\/\/fegrama.cat\/web\/wp-content\/uploads\/2018\/01\/infA.jpg 1498w\" sizes=\"auto, (max-width: 618px) 100vw, 618px\" \/><\/a><\/p>\n<p>El Infantil A gan\u00f3 con solvencia a la PB Collblanc-Sants.<\/p>\n<p>Partido controlado en todo momento por los colomenses que no dieron ninguna opci\u00f3n al equipo visitante. La Grama no sufri\u00f3 en ning\u00fan momento, entrando bien entre l\u00edneas y haciendo mucho da\u00f1o a la espalda de su rival. Una vez m\u00e1s la Fundaci\u00f3 demostr\u00f3 que llega con fuerzas para afrontar la recta final de liga.<\/p>\n<p>Un hat-trick de Cristi\u00e1n y un doblete de Adri dieron los tres puntos a su equipo.<\/p>\n","protected":false},"excerpt":{"rendered":"<p>L&#8217;Infantil A va guanyar amb solv\u00e8ncia a la PB Collblanc-Sants. Partit controlat en tot moment pels colomencs que no van donar cap opci\u00f3 a l&#8217;equip visitant. La Grama no va patir en cap moment, entrant b\u00e9 entre l\u00ednies i fent molt de mal a l&#8217;esquena del seu rival. Un cop m\u00e9s la Fundaci\u00f3 va demostrar [&hellip;]<\/p>\n","protected":false},"author":1,"featured_media":22689,"comment_status":"closed","ping_status":"closed","sticky":false,"template":"","format":"standard","meta":{"footnotes":""},"categories":[4,9],"tags":[],"class_list":["post-24137","post","type-post","status-publish","format-standard","has-post-thumbnail","hentry","category-base-inclusiu","category-infantils"],"_links":{"self":[{"href":"https:\/\/fegrama.cat\/web\/wp-json\/wp\/v2\/posts\/24137","targetHints":{"allow":["GET"]}}],"collection":[{"href":"https:\/\/fegrama.cat\/web\/wp-json\/wp\/v2\/posts"}],"about":[{"href":"https:\/\/fegrama.cat\/web\/wp-json\/wp\/v2\/types\/post"}],"author":[{"embeddable":true,"href":"https:\/\/fegrama.cat\/web\/wp-json\/wp\/v2\/users\/1"}],"replies":[{"embeddable":true,"href":"https:\/\/fegrama.cat\/web\/wp-json\/wp\/v2\/comments?post=24137"}],"version-history":[{"count":2,"href":"https:\/\/fegrama.cat\/web\/wp-json\/wp\/v2\/posts\/24137\/revisions"}],"predecessor-version":[{"id":24139,"href":"https:\/\/fegrama.cat\/web\/wp-json\/wp\/v2\/posts\/24137\/revisions\/24139"}],"wp:featuredmedia":[{"embeddable":true,"href":"https:\/\/fegrama.cat\/web\/wp-json\/wp\/v2\/media\/22689"}],"wp:attachment":[{"href":"https:\/\/fegrama.cat\/web\/wp-json\/wp\/v2\/media?parent=24137"}],"wp:term":[{"taxonomy":"category","embeddable":true,"href":"https:\/\/fegrama.cat\/web\/wp-json\/wp\/v2\/categories?post=24137"},{"taxonomy":"post_tag","embeddable":true,"href":"https:\/\/fegrama.cat\/web\/wp-json\/wp\/v2\/tags?post=24137"}],"curies":[{"name":"wp","href":"https:\/\/api.w.org\/{rel}","templated":true}]}}