{"id":24133,"date":"2018-04-23T09:47:08","date_gmt":"2018-04-23T08:47:08","guid":{"rendered":"http:\/\/fegrama.cat\/web\/?p=24133"},"modified":"2018-04-23T09:49:44","modified_gmt":"2018-04-23T08:49:44","slug":"important-victoria-de-linfantil-b-2","status":"publish","type":"post","link":"https:\/\/fegrama.cat\/web\/important-victoria-de-linfantil-b-2\/","title":{"rendered":"Important vict\u00f2ria de l&#8217;Infantil B"},"content":{"rendered":"<p>Segona vict\u00f2ria consecutiva de l&#8217;Infantil B que aquest cop es va imposar 1-4 al Tecnofutbol B.<\/p>\n<p>Els visitants van dominar el joc en una primera part amb poca intensitat. Abans del descans arribaria el primer gol per a la Grama. A la segona meitat els colomencs van ser molt superiors al seu rival quant a joc i ocasions de gol.<\/p>\n<p>La Fundaci\u00f3 va anotar tres gols m\u00e9s davant un rival que no va poder fer res davant d&#8217;ells. La Grama suma tres punts que els col\u00b7loca a 6 punts de la salvaci\u00f3.<\/p>\n<div>\n<div class=\"clear\"><a href=\"http:\/\/fegrama.cat\/web\/wp-content\/uploads\/2017\/12\/infantil-B.jpg\"><img loading=\"lazy\" decoding=\"async\" class=\"aligncenter size-large wp-image-22591\" src=\"http:\/\/fegrama.cat\/web\/wp-content\/uploads\/2017\/12\/infantil-B-1024x768.jpg\" sizes=\"auto, (max-width: 618px) 100vw, 618px\" srcset=\"http:\/\/fegrama.cat\/web\/wp-content\/uploads\/2017\/12\/infantil-B-1024x768.jpg 1024w, http:\/\/fegrama.cat\/web\/wp-content\/uploads\/2017\/12\/infantil-B-300x225.jpg 300w, http:\/\/fegrama.cat\/web\/wp-content\/uploads\/2017\/12\/infantil-B-768x576.jpg 768w, http:\/\/fegrama.cat\/web\/wp-content\/uploads\/2017\/12\/infantil-B.jpg 1600w\" alt=\"\" width=\"618\" height=\"464\" \/><\/a><\/div>\n<\/div>\n<p>Segunda victoria consecutiva del Infantil B que esta vez se impuso 1-4 al Tecnofutbol B.<\/p>\n<p>Los visitantes dominaron el juego en una primera parte con poca intensidad. Antes del descanso llegar\u00eda el primer gol para la Grama. En la segunda mitad los colomenses fueron muy superiores a su rival en cuanto a juego y ocasiones de gol.<\/p>\n<p>La Fundaci\u00f3 anot\u00f3 tres goles m\u00e1s ante un rival que no pudo hacer nada ante ellos. La Grama suma tres puntos que les coloca a 6 puntos de la salvaci\u00f3n.<\/p>\n","protected":false},"excerpt":{"rendered":"<p>Segona vict\u00f2ria consecutiva de l&#8217;Infantil B que aquest cop es va imposar 1-4 al Tecnofutbol B. Els visitants van dominar el joc en una primera part amb poca intensitat. Abans del descans arribaria el primer gol per a la Grama. A la segona meitat els colomencs van ser molt superiors al seu rival quant a [&hellip;]<\/p>\n","protected":false},"author":1,"featured_media":22591,"comment_status":"closed","ping_status":"closed","sticky":false,"template":"","format":"standard","meta":{"footnotes":""},"categories":[4,9],"tags":[],"class_list":["post-24133","post","type-post","status-publish","format-standard","has-post-thumbnail","hentry","category-base-inclusiu","category-infantils"],"_links":{"self":[{"href":"https:\/\/fegrama.cat\/web\/wp-json\/wp\/v2\/posts\/24133","targetHints":{"allow":["GET"]}}],"collection":[{"href":"https:\/\/fegrama.cat\/web\/wp-json\/wp\/v2\/posts"}],"about":[{"href":"https:\/\/fegrama.cat\/web\/wp-json\/wp\/v2\/types\/post"}],"author":[{"embeddable":true,"href":"https:\/\/fegrama.cat\/web\/wp-json\/wp\/v2\/users\/1"}],"replies":[{"embeddable":true,"href":"https:\/\/fegrama.cat\/web\/wp-json\/wp\/v2\/comments?post=24133"}],"version-history":[{"count":3,"href":"https:\/\/fegrama.cat\/web\/wp-json\/wp\/v2\/posts\/24133\/revisions"}],"predecessor-version":[{"id":24136,"href":"https:\/\/fegrama.cat\/web\/wp-json\/wp\/v2\/posts\/24133\/revisions\/24136"}],"wp:featuredmedia":[{"embeddable":true,"href":"https:\/\/fegrama.cat\/web\/wp-json\/wp\/v2\/media\/22591"}],"wp:attachment":[{"href":"https:\/\/fegrama.cat\/web\/wp-json\/wp\/v2\/media?parent=24133"}],"wp:term":[{"taxonomy":"category","embeddable":true,"href":"https:\/\/fegrama.cat\/web\/wp-json\/wp\/v2\/categories?post=24133"},{"taxonomy":"post_tag","embeddable":true,"href":"https:\/\/fegrama.cat\/web\/wp-json\/wp\/v2\/tags?post=24133"}],"curies":[{"name":"wp","href":"https:\/\/api.w.org\/{rel}","templated":true}]}}