{"id":24002,"date":"2018-04-15T21:43:28","date_gmt":"2018-04-15T20:43:28","guid":{"rendered":"http:\/\/fegrama.cat\/web\/?p=24002"},"modified":"2018-04-15T21:43:28","modified_gmt":"2018-04-15T20:43:28","slug":"resums-dels-equips-prebenjamins-14-i-15-dabril","status":"publish","type":"post","link":"https:\/\/fegrama.cat\/web\/resums-dels-equips-prebenjamins-14-i-15-dabril\/","title":{"rendered":"Resums dels equips Prebenjamins (14 i 15 d\u2019abril)"},"content":{"rendered":"<p><a href=\"http:\/\/fegrama.cat\/web\/wp-content\/uploads\/2018\/02\/prebA.jpeg\"><img loading=\"lazy\" decoding=\"async\" class=\"aligncenter wp-image-23191\" src=\"http:\/\/fegrama.cat\/web\/wp-content\/uploads\/2018\/02\/prebA.jpeg\" sizes=\"auto, (max-width: 459px) 100vw, 459px\" srcset=\"http:\/\/fegrama.cat\/web\/wp-content\/uploads\/2018\/02\/prebA.jpeg 831w, http:\/\/fegrama.cat\/web\/wp-content\/uploads\/2018\/02\/prebA-300x249.jpeg 300w, http:\/\/fegrama.cat\/web\/wp-content\/uploads\/2018\/02\/prebA-768x639.jpeg 768w\" alt=\"\" width=\"459\" height=\"382\" \/><\/a><\/p>\n<p><strong>CE PB Barcino 3-2 PREBENJAM\u00cd A\u00a0<\/strong><\/p>\n<p>Els colomencs van sortir adormits en el primer quart i el rival ho va aprofitar per posar-se 2-0. Abans del descans la Grama va despertar i es va acostar al marcador. A la segona meitat va arribar el 2-2 i en l&#8217;\u00faltim quart els locals van ser millors i van aconseguir el tercer gol.<\/p>\n<p>Los colomenses salieron dormidos en el primer cuarto y el rival lo aprovech\u00f3 para ponerse 2-0. Antes del descanso la Grama despert\u00f3 y se acerc\u00f3 en el marcador. En la segunda mitad lleg\u00f3 el 2-2 y en el \u00faltimo cuarto los locales fueron mejores y consiguieron el tercer gol.<\/p>\n<div>\n<div class=\"clear\">\n<div class=\"clear\">\n<div class=\"clear\">\n<div class=\"clear\">\n<div class=\"clear\">\n<div class=\"clear\"><a href=\"http:\/\/fegrama.cat\/web\/wp-content\/uploads\/2018\/01\/prebB.jpeg\"><img loading=\"lazy\" decoding=\"async\" class=\"aligncenter wp-image-22980\" src=\"http:\/\/fegrama.cat\/web\/wp-content\/uploads\/2018\/01\/prebB.jpeg\" sizes=\"auto, (max-width: 398px) 100vw, 398px\" srcset=\"http:\/\/fegrama.cat\/web\/wp-content\/uploads\/2018\/01\/prebB.jpeg 611w, http:\/\/fegrama.cat\/web\/wp-content\/uploads\/2018\/01\/prebB-300x224.jpeg 300w\" alt=\"\" width=\"398\" height=\"298\" \/><\/a><\/div>\n<\/div>\n<\/div>\n<\/div>\n<\/div>\n<\/div>\n<\/div>\n<p><strong>PREBENJAM\u00cd B 2-7 CE Europa B<\/strong><\/p>\n<p>Partit ajornat de la jornada 20. Partit on els locals tot i el resultat van fer un partit seri\u00f3s contra els l\u00edders del grup. La Grama va aguantar b\u00e9 durant tres quarts i donant la cara tot i el volumin\u00f3s resultat que no va tenir res a veure amb el partit.<\/p>\n<p>Partido aplazado de la jornada 20. Partido donde los locales a pesar del resultado hicieron un partido serio contra los l\u00edderes del grupo. La Grama aguant\u00f3 bien durante tres cuartos y dando la cara a pesar del abultado resultado que nada tuvo que ver con el partido.<\/p>\n<div class=\"clear\">\n<div class=\"clear\">\n<div class=\"clear\">\n<div class=\"clear\">\n<div class=\"divider\">\n<div class=\"clear\">\n<div class=\"clear\">\n<div class=\"clear\">\n<div class=\"divider\">\n<div class=\"clear\">[divider]<\/div>\n<\/div>\n<\/div>\n<\/div>\n<\/div>\n<\/div>\n<\/div>\n<\/div>\n<\/div>\n<\/div>\n<p><strong>PREBENJAM\u00cd C 3-3 EE Guineueta B<\/strong><\/p>\n<p>La Grama juga el dissabte a las 13:45 horas al Municipal Les Oliveres davant la EE Guineueta B.<\/p>\n<p>Gran partido de la Grama que consigui\u00f3 rescatar un punto ante un rival dif\u00edcil. Ziad adelant\u00f3 a la Grama y el conjunto visitante fue capaz de darle la vuelta y ponerse 1-3. Los colomenses creyeron y fueron a por un empate que con dos goles m\u00e1s de Ziad consiguieron.<\/p>\n<p>[divider]<\/p>\n<p><strong>PREBENJAM\u00cd D 4-3 CE PB Barcino D<\/strong><\/p>\n<p>Partit igualat i remuntada dif\u00edcil de la Grama. Primer quart on els colomencs van dominar per\u00f2 no van resoldre les seves ocasions. En el segon quart els locals van estar despistats, fallones en els controls i desconcentrats en la posici\u00f3 arribant al descans 1-2. En el tercer quart la Grama va recuperar la possessi\u00f3 per\u00f2 sense sort de cara a porta, mentre el seu rival en una contra feia el 1-3. En l&#8217;\u00faltim quart els colomencs van reaccionar i van aconseguir una gran remuntada.<\/p>\n<p>Partido igualado y remontada dif\u00edcil de la Grama. Primer cuarto donde los colomenses dominaron pero no resolvieron sus ocasiones. En el segundo cuarto los locales estuvieron despistados, fallones en los controles y desconcentrados en la posici\u00f3n llegando al descanso 1-2. En el tercer cuarto la Grama recuper\u00f3 la posesi\u00f3n pero sin suerte de cara a puerta, mientras su rival en una contra hac\u00eda el 1-3. En el \u00faltimo cuarto los colomenses reaccionaron y consiguieron una gran remontada.<\/p>\n","protected":false},"excerpt":{"rendered":"<p>CE PB Barcino 3-2 PREBENJAM\u00cd A\u00a0 Els colomencs van sortir adormits en el primer quart i el rival ho va aprofitar per posar-se 2-0. Abans del descans la Grama va despertar i es va acostar al marcador. A la segona meitat va arribar el 2-2 i en l&#8217;\u00faltim quart els locals van ser millors i [&hellip;]<\/p>\n","protected":false},"author":1,"featured_media":5515,"comment_status":"closed","ping_status":"closed","sticky":false,"template":"","format":"standard","meta":{"footnotes":""},"categories":[4,12],"tags":[],"class_list":["post-24002","post","type-post","status-publish","format-standard","has-post-thumbnail","hentry","category-base-inclusiu","category-prebenjamins"],"_links":{"self":[{"href":"https:\/\/fegrama.cat\/web\/wp-json\/wp\/v2\/posts\/24002","targetHints":{"allow":["GET"]}}],"collection":[{"href":"https:\/\/fegrama.cat\/web\/wp-json\/wp\/v2\/posts"}],"about":[{"href":"https:\/\/fegrama.cat\/web\/wp-json\/wp\/v2\/types\/post"}],"author":[{"embeddable":true,"href":"https:\/\/fegrama.cat\/web\/wp-json\/wp\/v2\/users\/1"}],"replies":[{"embeddable":true,"href":"https:\/\/fegrama.cat\/web\/wp-json\/wp\/v2\/comments?post=24002"}],"version-history":[{"count":2,"href":"https:\/\/fegrama.cat\/web\/wp-json\/wp\/v2\/posts\/24002\/revisions"}],"predecessor-version":[{"id":24023,"href":"https:\/\/fegrama.cat\/web\/wp-json\/wp\/v2\/posts\/24002\/revisions\/24023"}],"wp:featuredmedia":[{"embeddable":true,"href":"https:\/\/fegrama.cat\/web\/wp-json\/wp\/v2\/media\/5515"}],"wp:attachment":[{"href":"https:\/\/fegrama.cat\/web\/wp-json\/wp\/v2\/media?parent=24002"}],"wp:term":[{"taxonomy":"category","embeddable":true,"href":"https:\/\/fegrama.cat\/web\/wp-json\/wp\/v2\/categories?post=24002"},{"taxonomy":"post_tag","embeddable":true,"href":"https:\/\/fegrama.cat\/web\/wp-json\/wp\/v2\/tags?post=24002"}],"curies":[{"name":"wp","href":"https:\/\/api.w.org\/{rel}","templated":true}]}}