{"id":23346,"date":"2018-03-01T11:16:21","date_gmt":"2018-03-01T10:16:21","guid":{"rendered":"http:\/\/fegrama.cat\/web\/?p=23346"},"modified":"2018-03-01T11:16:21","modified_gmt":"2018-03-01T10:16:21","slug":"previes-dels-equips-alevins-3-i-4-de-marc","status":"publish","type":"post","link":"https:\/\/fegrama.cat\/web\/previes-dels-equips-alevins-3-i-4-de-marc\/","title":{"rendered":"Pr\u00e8vies dels equips Alevins (3 i 4 de mar\u00e7)"},"content":{"rendered":"<p><strong>ALEV\u00cd A<\/strong><\/p>\n<p>L\u2019equip dirigit per Adri\u00e1n M\u00e1rquez juga diumenge a les 10 hores al Municipal de la Grama davant el CF Badalona B.<\/p>\n<p>El equipo dirigido por Adri\u00e1n M\u00e1rquez juega el domingo a las 10 horas en el Municial de la Grama ante el CF Badalona B.<\/p>\n<div>\n<div class=\"clear\">\n<div class=\"clear\">\n<div class=\"clear\">\n<div class=\"clear\">\n<div class=\"clear\">\n<div class=\"clear\">\n<div class=\"clear\">[divider]<\/div>\n<\/div>\n<\/div>\n<\/div>\n<\/div>\n<\/div>\n<\/div>\n<\/div>\n<p><strong>ALEV\u00cd B<\/strong><\/p>\n<p>L\u2019equip dirigit per Jacob Ferrer i Jordi Xatart juga dissabte a les 11 hores al Municipal davant\u00a0el CF Escuela Performance.<\/p>\n<p>El equipo dirigido por Jacob Ferrer y Jordi Xatart juega el s\u00e1bado a las 11 horas en el Municipal ante el CF Escuela Performance.<\/p>\n<div class=\"clear\">\n<div class=\"clear\">\n<div class=\"divider\">\n<div class=\"clear\">[divider]<\/div>\n<\/div>\n<\/div>\n<\/div>\n<p><strong>ALEV\u00cd C<\/strong><\/p>\n<p>Els nois de Christian Gonz\u00e1lez juguen diumenge a les 09 hores al CEM Fort-Pienc contra la PB Cinc Copes C.<\/p>\n<p>Los chicos de Christian Gonz\u00e1lez juegan el domingo a las 09 horas en el CEM Fort-Pienc contra la PB Cinc Copes C.<\/p>\n<div class=\"clear\">\n<div class=\"clear\">\n<div class=\"clear\">\n<div class=\"clear\">\n<div class=\"clear\">\n<div class=\"clear\">\n<div class=\"divider\">[divider]<\/div>\n<\/div>\n<\/div>\n<\/div>\n<\/div>\n<\/div>\n<\/div>\n<p><strong>ALEV\u00cd D<\/strong><\/p>\n<p>L\u2019equip de Joan Salvador t\u00e9 partit al Municipal de la Grama el dissabte a les 11 hores davant el FC Martinenc E.<\/p>\n<p>El equipo de Joan Salvador tiene partido en el Municipal de la Grama el s\u00e1bado a las 11 horas ante el FC Martinenc E.<\/p>\n<div>\n<div class=\"clear\">\n<div class=\"clear\">\n<div class=\"clear\">\n<div class=\"clear\">\n<div class=\"clear\">\n<div class=\"clear\">\n<div class=\"clear\">[divider]<\/div>\n<\/div>\n<\/div>\n<\/div>\n<\/div>\n<\/div>\n<\/div>\n<\/div>\n<p><strong>ALEV\u00cd E<\/strong><\/p>\n<p>Els nois de Weleson Da Silva juguen dissabte a les 11 hores al Municipal de Les Oliveres contra la FP CE J\u00fapiter D.<\/p>\n<p>Los chicos de Weleson Da Silva\u00a0juegan el s\u00e1bado a las 11 horas al Municipal de Les Oliveres contra la FP CE J\u00fapiter D.<\/p>\n<div class=\"clear\">\n<div class=\"clear\">\n<div class=\"clear\">\n<div class=\"clear\">\n<div class=\"clear\">\n<div class=\"clear\">\n<div class=\"clear\">[divider]<\/div>\n<\/div>\n<\/div>\n<\/div>\n<\/div>\n<\/div>\n<\/div>\n<p><strong>ALEV\u00cd F<\/strong><\/p>\n<p>Els nois de Juan Carlos Espinosa juguen dissabte a les 11 hores al\u00a0Municipal Clot de la Mel davant el Vila Ol\u00edmpica K.<\/p>\n<p>Los chicos de Juan Carlos Espinosa juegan el s\u00e1bado a las 11 horas en el Municipal Clot de la Mel ante el Vila Ol\u00edmpica K.<\/p>\n<p><a href=\"http:\/\/fegrama.cat\/web\/wp-content\/uploads\/2018\/01\/alevG.jpg\"><img loading=\"lazy\" decoding=\"async\" class=\"aligncenter size-full wp-image-22686\" src=\"http:\/\/fegrama.cat\/web\/wp-content\/uploads\/2018\/01\/alevG.jpg\" sizes=\"auto, (max-width: 529px) 100vw, 529px\" srcset=\"http:\/\/fegrama.cat\/web\/wp-content\/uploads\/2018\/01\/alevG.jpg 529w, http:\/\/fegrama.cat\/web\/wp-content\/uploads\/2018\/01\/alevG-300x295.jpg 300w, http:\/\/fegrama.cat\/web\/wp-content\/uploads\/2018\/01\/alevG-55x55.jpg 55w\" alt=\"\" width=\"529\" height=\"521\" \/><\/a><\/p>\n<p><strong>ALEV\u00cd G<\/strong><\/p>\n<p>Els nois de Daniel Zambrana juguen dissabte a les 11:45 hores al Municipal de Les Oliveres davant el CE Canyelles.<\/p>\n<p>Los chicos de Daniel Zambrana juegan el s\u00e1bado a las 11:45 horas al Municipal de Les Oliveres ante el CE Canyelles.<\/p>\n","protected":false},"excerpt":{"rendered":"<p>ALEV\u00cd A L\u2019equip dirigit per Adri\u00e1n M\u00e1rquez juga diumenge a les 10 hores al Municipal de la Grama davant el CF Badalona B. El equipo dirigido por Adri\u00e1n M\u00e1rquez juega el domingo a las 10 horas en el Municial de la Grama ante el CF Badalona B. [divider] ALEV\u00cd B L\u2019equip dirigit per Jacob Ferrer [&hellip;]<\/p>\n","protected":false},"author":1,"featured_media":10699,"comment_status":"closed","ping_status":"closed","sticky":false,"template":"","format":"standard","meta":{"footnotes":""},"categories":[10,4],"tags":[],"class_list":["post-23346","post","type-post","status-publish","format-standard","has-post-thumbnail","hentry","category-alevins","category-base-inclusiu"],"_links":{"self":[{"href":"https:\/\/fegrama.cat\/web\/wp-json\/wp\/v2\/posts\/23346","targetHints":{"allow":["GET"]}}],"collection":[{"href":"https:\/\/fegrama.cat\/web\/wp-json\/wp\/v2\/posts"}],"about":[{"href":"https:\/\/fegrama.cat\/web\/wp-json\/wp\/v2\/types\/post"}],"author":[{"embeddable":true,"href":"https:\/\/fegrama.cat\/web\/wp-json\/wp\/v2\/users\/1"}],"replies":[{"embeddable":true,"href":"https:\/\/fegrama.cat\/web\/wp-json\/wp\/v2\/comments?post=23346"}],"version-history":[{"count":1,"href":"https:\/\/fegrama.cat\/web\/wp-json\/wp\/v2\/posts\/23346\/revisions"}],"predecessor-version":[{"id":23347,"href":"https:\/\/fegrama.cat\/web\/wp-json\/wp\/v2\/posts\/23346\/revisions\/23347"}],"wp:featuredmedia":[{"embeddable":true,"href":"https:\/\/fegrama.cat\/web\/wp-json\/wp\/v2\/media\/10699"}],"wp:attachment":[{"href":"https:\/\/fegrama.cat\/web\/wp-json\/wp\/v2\/media?parent=23346"}],"wp:term":[{"taxonomy":"category","embeddable":true,"href":"https:\/\/fegrama.cat\/web\/wp-json\/wp\/v2\/categories?post=23346"},{"taxonomy":"post_tag","embeddable":true,"href":"https:\/\/fegrama.cat\/web\/wp-json\/wp\/v2\/tags?post=23346"}],"curies":[{"name":"wp","href":"https:\/\/api.w.org\/{rel}","templated":true}]}}