{"id":23341,"date":"2018-02-27T18:27:07","date_gmt":"2018-02-27T17:27:07","guid":{"rendered":"http:\/\/fegrama.cat\/web\/?p=23341"},"modified":"2018-03-07T11:41:25","modified_gmt":"2018-03-07T10:41:25","slug":"capitans-iker-carmona","status":"publish","type":"post","link":"https:\/\/fegrama.cat\/web\/capitans-iker-carmona\/","title":{"rendered":"Capitans: \u00cdker Carmona"},"content":{"rendered":"<p><a href=\"http:\/\/fegrama.cat\/web\/wp-content\/uploads\/2018\/02\/ikercarmona.jpg\"><img loading=\"lazy\" decoding=\"async\" class=\" wp-image-23342 alignleft\" src=\"http:\/\/fegrama.cat\/web\/wp-content\/uploads\/2018\/02\/ikercarmona-576x1024.jpg\" alt=\"\" width=\"187\" height=\"333\" srcset=\"https:\/\/fegrama.cat\/web\/wp-content\/uploads\/2018\/02\/ikercarmona-576x1024.jpg 576w, https:\/\/fegrama.cat\/web\/wp-content\/uploads\/2018\/02\/ikercarmona-169x300.jpg 169w, https:\/\/fegrama.cat\/web\/wp-content\/uploads\/2018\/02\/ikercarmona-768x1365.jpg 768w, https:\/\/fegrama.cat\/web\/wp-content\/uploads\/2018\/02\/ikercarmona.jpg 800w\" sizes=\"auto, (max-width: 187px) 100vw, 187px\" \/><\/a><strong>\u00cdker Carmona<\/strong> (10 anys) va a 5\u00e8 de Prim\u00e0ria, porta anys jugant a futbol i \u00e9s jugador de l&#8217;<strong>Alev\u00ed D<\/strong>.<\/p>\n<p>Ens explica que el jugador que ho fa millor durant la setmana \u00e9s premiat com a capit\u00e0, d&#8217;aquesta manera tots tenen l&#8217;oportunitat de portar el bra\u00e7alet.<\/p>\n<p>Aquesta \u00e9s la seva segona temporada a la Grama. La seva posici\u00f3 en el camp \u00e9s la de central, i els seus referents s\u00f3n God\u00edn i Ramos.<\/p>\n<p style=\"text-align: center;\"><strong>\u00abHem millorat molt com a equip. Al principi van venir jugadors nous i ens faltava compenetrar. Ara ens coordinem molt b\u00e9.\u00bb<\/strong><\/p>\n<p>&nbsp;<\/p>\n<p>[divider]<\/p>\n<p>&nbsp;<\/p>\n<p><strong>\u00cdker Carmona<\/strong> (10 a\u00f1os) va a 5\u00ba de Primaria, lleva a\u00f1os jugando a f\u00fatbol y es jugador del <strong>Alev\u00edn D<\/strong>.<\/p>\n<p>Nos cuenta que el jugador que lo hace mejor durante la semana es premiado como capit\u00e1n, de esta manera todos tienen la oportunidad de llevar el brazalete.<\/p>\n<p>Esta es su segunda temporada en la Grama. Su posici\u00f3n en el campo es la de central, y sus referentes son God\u00edn y Ramos.<\/p>\n<p>&nbsp;<\/p>\n<p style=\"text-align: center;\"><strong>\u00abHemos mejorado mucho como equipo. Al principio vinieron jugadores nuevos y nos faltaba compenetrarnos. Ahora nos coordinamos muy bien.\u00bb<\/strong><\/p>\n","protected":false},"excerpt":{"rendered":"<p>\u00cdker Carmona (10 anys) va a 5\u00e8 de Prim\u00e0ria, porta anys jugant a futbol i \u00e9s jugador de l&#8217;Alev\u00ed D. Ens explica que el jugador que ho fa millor durant la setmana \u00e9s premiat com a capit\u00e0, d&#8217;aquesta manera tots tenen l&#8217;oportunitat de portar el bra\u00e7alet. Aquesta \u00e9s la seva segona temporada a la Grama. [&hellip;]<\/p>\n","protected":false},"author":1,"featured_media":23342,"comment_status":"closed","ping_status":"closed","sticky":false,"template":"","format":"standard","meta":{"footnotes":""},"categories":[1182],"tags":[],"class_list":["post-23341","post","type-post","status-publish","format-standard","has-post-thumbnail","hentry","category-capitans"],"_links":{"self":[{"href":"https:\/\/fegrama.cat\/web\/wp-json\/wp\/v2\/posts\/23341","targetHints":{"allow":["GET"]}}],"collection":[{"href":"https:\/\/fegrama.cat\/web\/wp-json\/wp\/v2\/posts"}],"about":[{"href":"https:\/\/fegrama.cat\/web\/wp-json\/wp\/v2\/types\/post"}],"author":[{"embeddable":true,"href":"https:\/\/fegrama.cat\/web\/wp-json\/wp\/v2\/users\/1"}],"replies":[{"embeddable":true,"href":"https:\/\/fegrama.cat\/web\/wp-json\/wp\/v2\/comments?post=23341"}],"version-history":[{"count":1,"href":"https:\/\/fegrama.cat\/web\/wp-json\/wp\/v2\/posts\/23341\/revisions"}],"predecessor-version":[{"id":23343,"href":"https:\/\/fegrama.cat\/web\/wp-json\/wp\/v2\/posts\/23341\/revisions\/23343"}],"wp:featuredmedia":[{"embeddable":true,"href":"https:\/\/fegrama.cat\/web\/wp-json\/wp\/v2\/media\/23342"}],"wp:attachment":[{"href":"https:\/\/fegrama.cat\/web\/wp-json\/wp\/v2\/media?parent=23341"}],"wp:term":[{"taxonomy":"category","embeddable":true,"href":"https:\/\/fegrama.cat\/web\/wp-json\/wp\/v2\/categories?post=23341"},{"taxonomy":"post_tag","embeddable":true,"href":"https:\/\/fegrama.cat\/web\/wp-json\/wp\/v2\/tags?post=23341"}],"curies":[{"name":"wp","href":"https:\/\/api.w.org\/{rel}","templated":true}]}}