{"id":23317,"date":"2018-02-25T22:18:49","date_gmt":"2018-02-25T21:18:49","guid":{"rendered":"http:\/\/fegrama.cat\/web\/?p=23317"},"modified":"2018-02-25T22:18:49","modified_gmt":"2018-02-25T21:18:49","slug":"maneta-de-lescola-a","status":"publish","type":"post","link":"https:\/\/fegrama.cat\/web\/maneta-de-lescola-a\/","title":{"rendered":"Maneta de l&#8217;Escola A"},"content":{"rendered":"<p>L&#8217;Escola A es va imposar 5-0 a la UE Sants.<\/p>\n<p>Bon partit dels nostres petits que es va resoldre en el primer quart. Els seg\u00fcents tres quarts l&#8217;han controlat tocant pilota sense pressionar el rival, un equip amb jugadors m\u00e9s petits. La Grama va ser molt superior al Sants des del primer minut.<\/p>\n<p>Al descans el marcador reflectia un 3-0. Els colomencs van controlar el partit en tot moment i no van passar dificultats en defensa. Un xoc que va servir per fer proves.<\/p>\n<p>[divider]<\/p>\n<p>La Escuela A se impuso 5-0 a la UE Sants.<\/p>\n<p>Buen partido de nuestros peque\u00f1os que se resolvi\u00f3 en el primer cuarto. Los siguientes tres cuartos lo controlaron tocando bal\u00f3n sin presionar al rival, un equipo con jugadores m\u00e1s peque\u00f1os. La Grama fue muy superior al Sants desde el primer minuto.<\/p>\n<p>Al descanso el marcador reflejaba un 3-0. Los colomenses controlaron el partido en todo momento y no pasaron apuros en defensa. Un choque que sirvi\u00f3 para hacer pruebas.<\/p>\n","protected":false},"excerpt":{"rendered":"<p>L&#8217;Escola A es va imposar 5-0 a la UE Sants. Bon partit dels nostres petits que es va resoldre en el primer quart. Els seg\u00fcents tres quarts l&#8217;han controlat tocant pilota sense pressionar el rival, un equip amb jugadors m\u00e9s petits. La Grama va ser molt superior al Sants des del primer minut. Al descans [&hellip;]<\/p>\n","protected":false},"author":1,"featured_media":22705,"comment_status":"closed","ping_status":"closed","sticky":false,"template":"","format":"standard","meta":{"footnotes":""},"categories":[4,33],"tags":[],"class_list":["post-23317","post","type-post","status-publish","format-standard","has-post-thumbnail","hentry","category-base-inclusiu","category-escola-diari-feg"],"_links":{"self":[{"href":"https:\/\/fegrama.cat\/web\/wp-json\/wp\/v2\/posts\/23317","targetHints":{"allow":["GET"]}}],"collection":[{"href":"https:\/\/fegrama.cat\/web\/wp-json\/wp\/v2\/posts"}],"about":[{"href":"https:\/\/fegrama.cat\/web\/wp-json\/wp\/v2\/types\/post"}],"author":[{"embeddable":true,"href":"https:\/\/fegrama.cat\/web\/wp-json\/wp\/v2\/users\/1"}],"replies":[{"embeddable":true,"href":"https:\/\/fegrama.cat\/web\/wp-json\/wp\/v2\/comments?post=23317"}],"version-history":[{"count":1,"href":"https:\/\/fegrama.cat\/web\/wp-json\/wp\/v2\/posts\/23317\/revisions"}],"predecessor-version":[{"id":23318,"href":"https:\/\/fegrama.cat\/web\/wp-json\/wp\/v2\/posts\/23317\/revisions\/23318"}],"wp:featuredmedia":[{"embeddable":true,"href":"https:\/\/fegrama.cat\/web\/wp-json\/wp\/v2\/media\/22705"}],"wp:attachment":[{"href":"https:\/\/fegrama.cat\/web\/wp-json\/wp\/v2\/media?parent=23317"}],"wp:term":[{"taxonomy":"category","embeddable":true,"href":"https:\/\/fegrama.cat\/web\/wp-json\/wp\/v2\/categories?post=23317"},{"taxonomy":"post_tag","embeddable":true,"href":"https:\/\/fegrama.cat\/web\/wp-json\/wp\/v2\/tags?post=23317"}],"curies":[{"name":"wp","href":"https:\/\/api.w.org\/{rel}","templated":true}]}}