{"id":23284,"date":"2018-02-25T22:27:48","date_gmt":"2018-02-25T21:27:48","guid":{"rendered":"http:\/\/fegrama.cat\/web\/?p=23284"},"modified":"2018-02-25T22:27:48","modified_gmt":"2018-02-25T21:27:48","slug":"resums-dels-equips-benjamins-24-i-25-de-febrer","status":"publish","type":"post","link":"https:\/\/fegrama.cat\/web\/resums-dels-equips-benjamins-24-i-25-de-febrer\/","title":{"rendered":"Resums dels equips Benjamins (24 i 25 de febrer)"},"content":{"rendered":"<p><a href=\"http:\/\/fegrama.cat\/web\/wp-content\/uploads\/2018\/01\/benA.jpeg\"><img loading=\"lazy\" decoding=\"async\" class=\"aligncenter wp-image-22728\" src=\"http:\/\/fegrama.cat\/web\/wp-content\/uploads\/2018\/01\/benA.jpeg\" sizes=\"auto, (max-width: 437px) 100vw, 437px\" srcset=\"http:\/\/fegrama.cat\/web\/wp-content\/uploads\/2018\/01\/benA.jpeg 675w, http:\/\/fegrama.cat\/web\/wp-content\/uploads\/2018\/01\/benA-300x209.jpeg 300w\" alt=\"\" width=\"437\" height=\"305\" \/><\/a><\/p>\n<p><strong>BENJAM\u00cd A 4-1\u00a0Tecnofutbol CF<\/strong><\/p>\n<p>La Grama va fer el seu gran joc combinatiu, arriscant molt per poder tenir la pilota durant gran part del joc. Van dominar els de casa per\u00f2 com de costum els va costar molt marcar. En un contraatac arribaria el 0-1 del Tecnofutbol, equip que va apostar per defensar i sortir a la contra. A la segona meitat Izan va assistir a Miguel qui des de fora de l&#8217;\u00e0rea va marcar un gol\u00e0s per empatar. Els colomencs van anar a per m\u00e9s i els gols van caure: Roc va posar per davant a l&#8217;equip, un minut despr\u00e9s C\u00e9sar feia l&#8217;1-3 i poc despr\u00e9s el m\u00e0xim artiller de la Grama (Omar) va tancar la vict\u00f2ria.<\/p>\n<p>La Grama hizo su gran juego combinativo, arriesgando mucho para poder tener el bal\u00f3n durante gran parte del juego. Dominaron los de casa pero como de costumbre les cost\u00f3 mucho marcar. En un contraataque llegar\u00eda el 0-1 del Tecnofutbol, equipo que apost\u00f3 por defender y salir a la contra. En la segunda mitad Izan asisti\u00f3 a Miguel quien desde fuera del \u00e1rea marco un golazo para empatar. Los colomenses fueron a por m\u00e1s y los goles cayeron: Roc puso por delante al equipo, un minuto despu\u00e9s C\u00e9sar hac\u00eda el 1-3 y poco despu\u00e9s el m\u00e1ximo artillero de la Grama (Omar) cerr\u00f3 la victoria.<\/p>\n<div>\n<div class=\"clear\">\n<div class=\"clear\">\n<div class=\"clear\">\n<div class=\"clear\">\n<div class=\"clear\">\n<div class=\"clear\">[divider]<\/div>\n<\/div>\n<\/div>\n<\/div>\n<\/div>\n<\/div>\n<\/div>\n<p><strong>CE L&#8217;Hospitalet 6-0 BENJAM\u00cd B<\/strong><\/p>\n<p>La Grama es va enfrontar al l\u00edder de la lliga, un equip molt superior a la categoria en la qual pertanyen. Els colomencs van tenir les seves ocasions per marcar per\u00f2 el gol no va arribar.<\/p>\n<div>\n<div class=\"clear\">La Grama se enfrent\u00f3 al l\u00edder de la liga, un equipo muy superior a la categor\u00eda en la que pertenecen. Los colomenses tuvieron sus ocasiones para marcar pero el gol nunca lleg\u00f3.<a href=\"http:\/\/fegrama.cat\/web\/wp-content\/uploads\/2018\/01\/benC.jpg\"><img loading=\"lazy\" decoding=\"async\" class=\"aligncenter wp-image-22680\" src=\"http:\/\/fegrama.cat\/web\/wp-content\/uploads\/2018\/01\/benC.jpg\" sizes=\"auto, (max-width: 550px) 100vw, 550px\" srcset=\"http:\/\/fegrama.cat\/web\/wp-content\/uploads\/2018\/01\/benC.jpg 756w, http:\/\/fegrama.cat\/web\/wp-content\/uploads\/2018\/01\/benC-300x208.jpg 300w\" alt=\"\" width=\"550\" height=\"381\" \/><\/a><\/div>\n<\/div>\n<p><strong>BENJAM\u00cd C 4-2 CE Canyelles<\/strong><\/p>\n<p>Partit molt competit des del principi, els colomencs tenien ganes de tornar a enfrontar-se contra aquest equip amb el qual van perdre a l&#8217;anada. L&#8217;esfor\u00e7 i el sacrifici de la Grama va ser clau primer per reposar a l&#8217;0-1 en el primer minut de joc i despr\u00e9s per remuntar el 1-2. Els colomencs comencen la segona volta amb dues vict\u00f2ries de dues possibles.<\/p>\n<p>Partido muy competido desde el principio, los colomenses ten\u00edan ganas de volver a enfrentarse contra ese equipo con el que perdieron en la ida. El esfuerzo y el sacrificio de la Grama fue clave primero para reponerse al 0-1 en el primer minuto de juego y despu\u00e9s para remontar el 1-2. Los colomenses empiezan la segunda vuelta con dos victorias de dos posibles.<\/p>\n<div>\n<div class=\"clear\"><a href=\"http:\/\/fegrama.cat\/web\/wp-content\/uploads\/2018\/01\/benD.jpg\"><img loading=\"lazy\" decoding=\"async\" class=\"aligncenter size-full wp-image-22684\" src=\"http:\/\/fegrama.cat\/web\/wp-content\/uploads\/2018\/01\/benD.jpg\" sizes=\"auto, (max-width: 649px) 100vw, 649px\" srcset=\"http:\/\/fegrama.cat\/web\/wp-content\/uploads\/2018\/01\/benD.jpg 649w, http:\/\/fegrama.cat\/web\/wp-content\/uploads\/2018\/01\/benD-300x224.jpg 300w\" alt=\"\" width=\"649\" height=\"484\" \/><\/a><\/div>\n<\/div>\n<p><strong>U.At.Horta 4-5 BENJAM\u00cd D<\/strong><\/p>\n<p>El partit va comen\u00e7ar amb un matiner gol de Cheongyong, per\u00f2 el domini de tot el primer quart va ser local, i va finalitzar amb 3-1. A partir d&#8217;aquest moment la Grama va cr\u00e9ixer i de seguida Felipe va posar de lliure directe el 3-2, resultat amb qu\u00e8 es va arribar al descans. Als pocs minuts, de nou Cheongyong va empatar el partit i el gram aguantar aquest resultat fins al final del quart. En l&#8217;\u00faltim temps van arribar dos gols gaireb\u00e9 seguits dels colomencs, obra d&#8217;Izan i de Samuel. El Horta va retallar dist\u00e0ncies per\u00f2 el marcador ja no es va moure.<\/p>\n<p>El partido empez\u00f3 con un tempranero gol de Cheongyong, pero el dominio de todo el primer cuarto fue local, y finaliz\u00f3 con 3-1. A partir de ese momento la Grama creci\u00f3 y enseguida Felipe puso de libre directo el 3-2, resultado con el que se lleg\u00f3 al descanso. A los pocos minutos, de nuevo Cheongyong empat\u00f3 el partido y la grama aguant\u00f3 ese resultado hasta el final del cuarto. En el \u00faltimo tiempo llegaron dos goles casi seguidos de los colomenses, obra de Izan y de Samuel. El Horta recort\u00f3 distancias pero el marcador ya no se movi\u00f3.<\/p>\n<div class=\"clear\">\n<div class=\"clear\">[divider]<\/div>\n<\/div>\n<p><strong>UD Parc 4-5 BENJAM\u00cd E<\/strong><\/p>\n<p>Segona vict\u00f2ria de la lliga per a la Grama i arriba a l&#8217;\u00faltima jornada de la primera volta. L&#8217;evoluci\u00f3 dels jugadors est\u00e0 sent extraordin\u00e0ria, els petits tenen ganes d&#8217;aprendre. Maikel amb 4 quatre gols i Adri\u00e1n van donar la vict\u00f2ria a la Fundaci\u00f3 que va estar sempre per davant en el marcador.<\/p>\n<p>Segunda victoria de la liga para la Grama y llega en la \u00faltima jornada de la primera vuelta. La evoluci\u00f3n de los jugadores est\u00e1 siendo extraordinaria, los peque\u00f1os tienen ganas de aprender. Maikel con 4 cuatro goles y Adri\u00e1n dieron la victoria a la Fundaci\u00f3 quien estuvo siempre por delante en el marcador.<\/p>\n<div>\n<div>\n<div class=\"clear\">\n<p><a href=\"http:\/\/fegrama.cat\/web\/wp-content\/uploads\/2018\/01\/benF.jpg\"><img loading=\"lazy\" decoding=\"async\" class=\"aligncenter size-large wp-image-22706\" src=\"http:\/\/fegrama.cat\/web\/wp-content\/uploads\/2018\/01\/benF-1024x768.jpg\" sizes=\"auto, (max-width: 618px) 100vw, 618px\" srcset=\"http:\/\/fegrama.cat\/web\/wp-content\/uploads\/2018\/01\/benF.jpg 1024w, http:\/\/fegrama.cat\/web\/wp-content\/uploads\/2018\/01\/benF-300x225.jpg 300w, http:\/\/fegrama.cat\/web\/wp-content\/uploads\/2018\/01\/benF-768x576.jpg 768w\" alt=\"\" width=\"618\" height=\"464\" \/><\/a><\/p>\n<div class=\"clear\"><strong>BENJAM\u00cd F 6-3 UD Parc B<\/strong><\/div>\n<\/div>\n<\/div>\n<\/div>\n<p>Partit molt entretingut en un escenari nou per als nostres benjamins ja que va ser la primera vegada que jugaven com a locals al Municipal de la Grama. Els colomencs no van poder dominar el tempo del partit. Tots dos equips van tenir moltes ocasions per\u00f2 la millor punteria de cara a porta de la Grama va fer que els tres punts es quedessin a Santa Coloma.<\/p>\n<p>Partido muy entretenido en un escenario nuevo para nuestros benjamines ya que fue la primera vez que jugaban como locales en el Municipal de la Grama. Los colomenses no pudieron dominar el tempo del partido. Ambos equipos tuvieron muchas ocasiones pero la mejor punter\u00eda de cara a puerta de la Grama hizo que los tres puntos se quedaran en Santa Coloma.<\/p>\n<div class=\"clear\">\n<div class=\"clear\">\n<div class=\"clear\">\n<div class=\"clear\">\n<div class=\"clear\">\n<div class=\"clear\">[divider]<\/div>\n<\/div>\n<\/div>\n<\/div>\n<\/div>\n<\/div>\n<p><strong>BENJAM\u00cd G 2-6 CF Monta\u00f1esa F<\/strong><\/p>\n<p>Partit que semblava f\u00e0cil per a la Grama per\u00f2 despr\u00e9s de l&#8217;1-0, obra d&#8217;Eric, els colomencs van patir una relaxaci\u00f3 que els va costar el partit. Darrere en el marcador la Fundaci\u00f3 va intentar remuntar i va disposar de diverses ocasions que van errar.<\/p>\n<p>Partido que parec\u00eda f\u00e1cil para la Grama pero tras el 1-0, obra de Eric, los colomenses sufrieron una relajaci\u00f3n que les cost\u00f3 el partido. Detr\u00e1s en el marcador la Fundaci\u00f3 intent\u00f3 remontar y dispuso de varias ocasiones que erraron.<\/p>\n","protected":false},"excerpt":{"rendered":"<p>BENJAM\u00cd A 4-1\u00a0Tecnofutbol CF La Grama va fer el seu gran joc combinatiu, arriscant molt per poder tenir la pilota durant gran part del joc. Van dominar els de casa per\u00f2 com de costum els va costar molt marcar. En un contraatac arribaria el 0-1 del Tecnofutbol, equip que va apostar per defensar i sortir [&hellip;]<\/p>\n","protected":false},"author":1,"featured_media":10727,"comment_status":"closed","ping_status":"closed","sticky":false,"template":"","format":"standard","meta":{"footnotes":""},"categories":[4,11],"tags":[],"class_list":["post-23284","post","type-post","status-publish","format-standard","has-post-thumbnail","hentry","category-base-inclusiu","category-benjamins"],"_links":{"self":[{"href":"https:\/\/fegrama.cat\/web\/wp-json\/wp\/v2\/posts\/23284","targetHints":{"allow":["GET"]}}],"collection":[{"href":"https:\/\/fegrama.cat\/web\/wp-json\/wp\/v2\/posts"}],"about":[{"href":"https:\/\/fegrama.cat\/web\/wp-json\/wp\/v2\/types\/post"}],"author":[{"embeddable":true,"href":"https:\/\/fegrama.cat\/web\/wp-json\/wp\/v2\/users\/1"}],"replies":[{"embeddable":true,"href":"https:\/\/fegrama.cat\/web\/wp-json\/wp\/v2\/comments?post=23284"}],"version-history":[{"count":5,"href":"https:\/\/fegrama.cat\/web\/wp-json\/wp\/v2\/posts\/23284\/revisions"}],"predecessor-version":[{"id":23320,"href":"https:\/\/fegrama.cat\/web\/wp-json\/wp\/v2\/posts\/23284\/revisions\/23320"}],"wp:featuredmedia":[{"embeddable":true,"href":"https:\/\/fegrama.cat\/web\/wp-json\/wp\/v2\/media\/10727"}],"wp:attachment":[{"href":"https:\/\/fegrama.cat\/web\/wp-json\/wp\/v2\/media?parent=23284"}],"wp:term":[{"taxonomy":"category","embeddable":true,"href":"https:\/\/fegrama.cat\/web\/wp-json\/wp\/v2\/categories?post=23284"},{"taxonomy":"post_tag","embeddable":true,"href":"https:\/\/fegrama.cat\/web\/wp-json\/wp\/v2\/tags?post=23284"}],"curies":[{"name":"wp","href":"https:\/\/api.w.org\/{rel}","templated":true}]}}