{"id":22576,"date":"2017-12-18T10:47:47","date_gmt":"2017-12-18T09:47:47","guid":{"rendered":"http:\/\/fegrama.cat\/web\/?p=22576"},"modified":"2017-12-18T10:48:05","modified_gmt":"2017-12-18T09:48:05","slug":"gran-victoria-del-cadet-c-2","status":"publish","type":"post","link":"https:\/\/fegrama.cat\/web\/gran-victoria-del-cadet-c-2\/","title":{"rendered":"Gran vict\u00f2ria del Cadet C"},"content":{"rendered":"<p>El Cadet C va guanyar 3-0 a la Vila Ol\u00edmpica.<\/p>\n<p>Partit controlat per la Grama en totes les fases, els primers quinze minuts l&#8217;equip no acabava de donar-li el ritme que requeria, en fer canvis i les correccions necess\u00e0ries filtraven pilotes entre l\u00ednies on els visitants patien molt i aix\u00ed feien transicions amb la seva idea de joc r\u00e0pida.<\/p>\n<p>Jordi va marcar el primer gol del xoc en el minut 30 despr\u00e9s d&#8217;una bona jugada combinada, deu minuts despr\u00e9s els colomencs van seguir donant-li velocitat al joc i aix\u00ed arribaria el gol d&#8217;Aleix en una altra jugada combinada. A la segona part la Grama encara va ser mes superior.<\/p>\n<p>En una bona jugada de Rai i al centre es van marcar ells en pr\u00f2pia porta.<\/p>\n<p>[divider]<\/p>\n<p>El Cadete C gan\u00f3 3-0 a la Vila Ol\u00edmpica.<\/p>\n<p>Partido controlado por la Grama en todas las fases, los primeros quince minutos el equipo no acababa de darle el ritmo que requer\u00eda, al hacer cambios y las correcciones necesarias filtraban pelotas entre lineas donde los visitantes sufr\u00edan mucho y as\u00ed hac\u00edan transiciones con su idea de juego r\u00e1pida.<\/p>\n<p>Jordi marc\u00f3 el primer gol del choque en el minuto 30 tras una buena jugada combinada, diez minutos despu\u00e9s los colomenses siguieron d\u00e1ndole velocidad al juego y as\u00ed llegar\u00eda el gol de Aleix en otra jugada combinada. En la segunda parte la Grama todav\u00eda fue mas superior.<\/p>\n<p>En una buena jugada de Rai y en el centro se marcaron ellos en propia puerta.-<\/p>\n","protected":false},"excerpt":{"rendered":"<p>El Cadet C va guanyar 3-0 a la Vila Ol\u00edmpica. Partit controlat per la Grama en totes les fases, els primers quinze minuts l&#8217;equip no acabava de donar-li el ritme que requeria, en fer canvis i les correccions necess\u00e0ries filtraven pilotes entre l\u00ednies on els visitants patien molt i aix\u00ed feien transicions amb la seva [&hellip;]<\/p>\n","protected":false},"author":1,"featured_media":3855,"comment_status":"closed","ping_status":"closed","sticky":false,"template":"","format":"standard","meta":{"footnotes":""},"categories":[4,7],"tags":[],"class_list":["post-22576","post","type-post","status-publish","format-standard","has-post-thumbnail","hentry","category-base-inclusiu","category-cadets"],"_links":{"self":[{"href":"https:\/\/fegrama.cat\/web\/wp-json\/wp\/v2\/posts\/22576","targetHints":{"allow":["GET"]}}],"collection":[{"href":"https:\/\/fegrama.cat\/web\/wp-json\/wp\/v2\/posts"}],"about":[{"href":"https:\/\/fegrama.cat\/web\/wp-json\/wp\/v2\/types\/post"}],"author":[{"embeddable":true,"href":"https:\/\/fegrama.cat\/web\/wp-json\/wp\/v2\/users\/1"}],"replies":[{"embeddable":true,"href":"https:\/\/fegrama.cat\/web\/wp-json\/wp\/v2\/comments?post=22576"}],"version-history":[{"count":2,"href":"https:\/\/fegrama.cat\/web\/wp-json\/wp\/v2\/posts\/22576\/revisions"}],"predecessor-version":[{"id":22578,"href":"https:\/\/fegrama.cat\/web\/wp-json\/wp\/v2\/posts\/22576\/revisions\/22578"}],"wp:featuredmedia":[{"embeddable":true,"href":"https:\/\/fegrama.cat\/web\/wp-json\/wp\/v2\/media\/3855"}],"wp:attachment":[{"href":"https:\/\/fegrama.cat\/web\/wp-json\/wp\/v2\/media?parent=22576"}],"wp:term":[{"taxonomy":"category","embeddable":true,"href":"https:\/\/fegrama.cat\/web\/wp-json\/wp\/v2\/categories?post=22576"},{"taxonomy":"post_tag","embeddable":true,"href":"https:\/\/fegrama.cat\/web\/wp-json\/wp\/v2\/tags?post=22576"}],"curies":[{"name":"wp","href":"https:\/\/api.w.org\/{rel}","templated":true}]}}