{"id":22574,"date":"2017-12-18T10:36:27","date_gmt":"2017-12-18T09:36:27","guid":{"rendered":"http:\/\/fegrama.cat\/web\/?p=22574"},"modified":"2017-12-18T10:36:27","modified_gmt":"2017-12-18T09:36:27","slug":"derrota-abultada-del-cadet-d","status":"publish","type":"post","link":"https:\/\/fegrama.cat\/web\/derrota-abultada-del-cadet-d\/","title":{"rendered":"Derrota abultada del Cadet D"},"content":{"rendered":"<p>El Cadet D va caure derrotat per un volumin\u00f3s 6-0 davant l&#8217;EF \u00c0ngel Pedraza.<\/p>\n<p>Primer minuts de domini de l&#8217;equip local amb dues ocasions molt clares i amb un gol. La Grama va despertar i va comen\u00e7ar a tenir ocasions a pilota aturada acabant la primera part igualada per\u00f2 amb 1-0 per a la Pedraza. A la segona meitat els colomencs van sortir adormits i el rival molt endollat.<\/p>\n<p>El primer xut local acabaria en gol i aix\u00f2 va acabar d&#8217;enfonsar a la Fundaci\u00f3.<\/p>\n<p>[divider]<\/p>\n<p>El Cadete D cay\u00f3 derrotado por un abultado 6-0 ante la EF \u00c1ngel Pedraza.<\/p>\n<p>Primero minutos de dominio del equipo local con dos ocasiones muy claras y con un gol. La Grama despert\u00f3 y empez\u00f3 a tener ocasiones a bal\u00f3n parado acabando la primera parte igualada pero con 1-0 para la Pedraza. En la segunda mitad los colomenses salieron dormidos y el rival muy enchufado.<\/p>\n<p>El primer chute local acabar\u00eda en gol y eso termin\u00f3 de hundir a la Fundaci\u00f3.<\/p>\n","protected":false},"excerpt":{"rendered":"<p>El Cadet D va caure derrotat per un volumin\u00f3s 6-0 davant l&#8217;EF \u00c0ngel Pedraza. Primer minuts de domini de l&#8217;equip local amb dues ocasions molt clares i amb un gol. La Grama va despertar i va comen\u00e7ar a tenir ocasions a pilota aturada acabant la primera part igualada per\u00f2 amb 1-0 per a la Pedraza. [&hellip;]<\/p>\n","protected":false},"author":1,"featured_media":6220,"comment_status":"closed","ping_status":"closed","sticky":false,"template":"","format":"standard","meta":{"footnotes":""},"categories":[4,7],"tags":[],"class_list":["post-22574","post","type-post","status-publish","format-standard","has-post-thumbnail","hentry","category-base-inclusiu","category-cadets"],"_links":{"self":[{"href":"https:\/\/fegrama.cat\/web\/wp-json\/wp\/v2\/posts\/22574","targetHints":{"allow":["GET"]}}],"collection":[{"href":"https:\/\/fegrama.cat\/web\/wp-json\/wp\/v2\/posts"}],"about":[{"href":"https:\/\/fegrama.cat\/web\/wp-json\/wp\/v2\/types\/post"}],"author":[{"embeddable":true,"href":"https:\/\/fegrama.cat\/web\/wp-json\/wp\/v2\/users\/1"}],"replies":[{"embeddable":true,"href":"https:\/\/fegrama.cat\/web\/wp-json\/wp\/v2\/comments?post=22574"}],"version-history":[{"count":1,"href":"https:\/\/fegrama.cat\/web\/wp-json\/wp\/v2\/posts\/22574\/revisions"}],"predecessor-version":[{"id":22575,"href":"https:\/\/fegrama.cat\/web\/wp-json\/wp\/v2\/posts\/22574\/revisions\/22575"}],"wp:featuredmedia":[{"embeddable":true,"href":"https:\/\/fegrama.cat\/web\/wp-json\/wp\/v2\/media\/6220"}],"wp:attachment":[{"href":"https:\/\/fegrama.cat\/web\/wp-json\/wp\/v2\/media?parent=22574"}],"wp:term":[{"taxonomy":"category","embeddable":true,"href":"https:\/\/fegrama.cat\/web\/wp-json\/wp\/v2\/categories?post=22574"},{"taxonomy":"post_tag","embeddable":true,"href":"https:\/\/fegrama.cat\/web\/wp-json\/wp\/v2\/tags?post=22574"}],"curies":[{"name":"wp","href":"https:\/\/api.w.org\/{rel}","templated":true}]}}