{"id":22568,"date":"2017-12-18T00:40:14","date_gmt":"2017-12-17T23:40:14","guid":{"rendered":"http:\/\/fegrama.cat\/web\/?p=22568"},"modified":"2017-12-18T00:40:14","modified_gmt":"2017-12-17T23:40:14","slug":"empat-a-dos-gols-del-juvenil-b","status":"publish","type":"post","link":"https:\/\/fegrama.cat\/web\/empat-a-dos-gols-del-juvenil-b\/","title":{"rendered":"Empat a dos gols del Juvenil B"},"content":{"rendered":"<p>El Juvenil B va empatar a dos gols davant el CF Lloreda.<\/p>\n<p>La primera part ha tingut una bona arrencada per part dels locals que tot i una badada inicial han dominat i controlat el joc. Han generat diverses ocasions per\u00f2 sense la fortuna de marcar. En el tram final la Grama ha tornat a pujar el ritme i ha generat diverses ocasions mes.<\/p>\n<p>La segona part semblava tenir la mateixa din\u00e0mica fins que en un c\u00f3rner Gio ha rematat un bon servei de c\u00f3rner de Camps i ha marcat el 1-0. Poc ha durat l&#8217;alegria ja que en un atac r\u00e0pid el Lloreda ha empatat el partit. Al cap de poc en un altre error infantil els visitants han aconseguit marcar el segon. La reacci\u00f3 de la Grama ha estat r\u00e0pida i Edu despr\u00e9s d&#8217;una centrada de Jona ha posat l&#8217;empat. Des d&#8217;all\u00e0 fins al final el partit s&#8217;ha trencat i ha pogut passar qualsevol cosa.<\/p>\n<p>[divider]<\/p>\n<p>El Juvenil B empat\u00f3 a dos goles ante el CF Lloreda.<\/p>\n<p>La primera parte ha tenido un buen arranque por parte de los locales que a pesar de un despiste inicial han dominado y controlado el juego. Han generado varias ocasiones pero sin la fortuna de marcar. En el tramo final la Grama ha vuelto a subir el ritmo y ha generado varias ocasiones mas.<\/p>\n<p>La segunda parte parec\u00eda tener la misma din\u00e1mica hasta que en un c\u00f3rner Gio ha rematado un buen saque de esquina de Campos y ha marcado el 1-0. Poco ha durado la alegr\u00eda ya que en un ataque r\u00e1pido el Lloreda ha empatado el partido. Al cabo de poco en otro error infantil los visitantes han conseguido marcar el segundo. La reacci\u00f3n de la Grama ha sido r\u00e1pida y Edu tras un centro de Jona ha puesto el empate. Desde all\u00ed hasta el final el partido se ha roto y ha podido pasar cualquier cosa.<\/p>\n","protected":false},"excerpt":{"rendered":"<p>El Juvenil B va empatar a dos gols davant el CF Lloreda. La primera part ha tingut una bona arrencada per part dels locals que tot i una badada inicial han dominat i controlat el joc. Han generat diverses ocasions per\u00f2 sense la fortuna de marcar. En el tram final la Grama ha tornat a [&hellip;]<\/p>\n","protected":false},"author":1,"featured_media":18577,"comment_status":"closed","ping_status":"closed","sticky":false,"template":"","format":"standard","meta":{"footnotes":""},"categories":[4,6],"tags":[],"class_list":["post-22568","post","type-post","status-publish","format-standard","has-post-thumbnail","hentry","category-base-inclusiu","category-juvenils"],"_links":{"self":[{"href":"https:\/\/fegrama.cat\/web\/wp-json\/wp\/v2\/posts\/22568","targetHints":{"allow":["GET"]}}],"collection":[{"href":"https:\/\/fegrama.cat\/web\/wp-json\/wp\/v2\/posts"}],"about":[{"href":"https:\/\/fegrama.cat\/web\/wp-json\/wp\/v2\/types\/post"}],"author":[{"embeddable":true,"href":"https:\/\/fegrama.cat\/web\/wp-json\/wp\/v2\/users\/1"}],"replies":[{"embeddable":true,"href":"https:\/\/fegrama.cat\/web\/wp-json\/wp\/v2\/comments?post=22568"}],"version-history":[{"count":1,"href":"https:\/\/fegrama.cat\/web\/wp-json\/wp\/v2\/posts\/22568\/revisions"}],"predecessor-version":[{"id":22569,"href":"https:\/\/fegrama.cat\/web\/wp-json\/wp\/v2\/posts\/22568\/revisions\/22569"}],"wp:featuredmedia":[{"embeddable":true,"href":"https:\/\/fegrama.cat\/web\/wp-json\/wp\/v2\/media\/18577"}],"wp:attachment":[{"href":"https:\/\/fegrama.cat\/web\/wp-json\/wp\/v2\/media?parent=22568"}],"wp:term":[{"taxonomy":"category","embeddable":true,"href":"https:\/\/fegrama.cat\/web\/wp-json\/wp\/v2\/categories?post=22568"},{"taxonomy":"post_tag","embeddable":true,"href":"https:\/\/fegrama.cat\/web\/wp-json\/wp\/v2\/tags?post=22568"}],"curies":[{"name":"wp","href":"https:\/\/api.w.org\/{rel}","templated":true}]}}