{"id":22564,"date":"2017-12-18T00:33:06","date_gmt":"2017-12-17T23:33:06","guid":{"rendered":"http:\/\/fegrama.cat\/web\/?p=22564"},"modified":"2017-12-18T00:33:06","modified_gmt":"2017-12-17T23:33:06","slug":"remuntada-i-golejada-del-juvenil-d","status":"publish","type":"post","link":"https:\/\/fegrama.cat\/web\/remuntada-i-golejada-del-juvenil-d\/","title":{"rendered":"Remuntada i golejada del Juvenil D"},"content":{"rendered":"<p>Golejada del Juvenil D per 2-8 davant el Sant Mart\u00ed-Condal, despr\u00e9s d&#8217;una gran remuntada.<\/p>\n<p>Primera part dominada per la Grama, tenint la iniciativa del joc i creant diverses ocasions de gol, per\u00f2 el porter rival va estar molt b\u00e9. El primer gol arribaria despr\u00e9s d&#8217;una rematada de cap despr\u00e9s d&#8217;un centre, era el 1-0 dels locals. De penal Sergi va aconseguir empatar per a la Grama, arribant al descans amb 1-1.<\/p>\n<p>Segona part on el Sant Mart\u00ed novament va aconseguir avan\u00e7ar-se al marcador, aquest cop despr\u00e9s d&#8217;un xut ras des de la frontal, i a partir d&#8217;aquest instant els colomencs van seguir creient en el bon joc que estaven realitzant i tenint bona definici\u00f3 cara a porta.<\/p>\n<p>Amb tot aix\u00f2 arribaria una enorme remuntada. Miralles va empatar i despr\u00e9s d&#8217;ell van arribar els gols de Nodar, Jandro, Pau, Rub\u00e9n, Gerard i Unai.<\/p>\n<p>[divider]<\/p>\n<p>Goleada del Juvenil D por 2-8 ante el Sant Mart\u00ed-Condal, tras una gran remontada.<\/p>\n<p>Primera parte dominada por la Grama, teniendo la iniciativa del juego y creando varias ocasiones de gol, pero el portero rival estuvo muy bien. El primer gol llegar\u00eda tras un remate de cabeza tras un centro, era el 1-0 de los locales. De penalti Sergi logr\u00f3 empatar para la Grama, llegando al descanso con 1-1.<\/p>\n<p>Segunda parte donde el Sant Mart\u00ed nuevamente logr\u00f3 adelantarse en el marcador, esta vez tras un tiro raso desde la frontal, y a partir de ese instante los colomenses siguieron creyendo en el buen juego que estaban realizando y teniendo buena definici\u00f3n cara a puerta.<\/p>\n<p>Con todo ello llegar\u00eda una enorme remontada. Miralles empat\u00f3 y tras \u00e9l llegaron los goles de Nodar, Jandro, Pau, Rub\u00e9n, Gerard y Unai.<\/p>\n","protected":false},"excerpt":{"rendered":"<p>Golejada del Juvenil D per 2-8 davant el Sant Mart\u00ed-Condal, despr\u00e9s d&#8217;una gran remuntada. Primera part dominada per la Grama, tenint la iniciativa del joc i creant diverses ocasions de gol, per\u00f2 el porter rival va estar molt b\u00e9. El primer gol arribaria despr\u00e9s d&#8217;una rematada de cap despr\u00e9s d&#8217;un centre, era el 1-0 dels [&hellip;]<\/p>\n","protected":false},"author":1,"featured_media":13084,"comment_status":"closed","ping_status":"closed","sticky":false,"template":"","format":"standard","meta":{"footnotes":""},"categories":[4,6],"tags":[],"class_list":["post-22564","post","type-post","status-publish","format-standard","has-post-thumbnail","hentry","category-base-inclusiu","category-juvenils"],"_links":{"self":[{"href":"https:\/\/fegrama.cat\/web\/wp-json\/wp\/v2\/posts\/22564","targetHints":{"allow":["GET"]}}],"collection":[{"href":"https:\/\/fegrama.cat\/web\/wp-json\/wp\/v2\/posts"}],"about":[{"href":"https:\/\/fegrama.cat\/web\/wp-json\/wp\/v2\/types\/post"}],"author":[{"embeddable":true,"href":"https:\/\/fegrama.cat\/web\/wp-json\/wp\/v2\/users\/1"}],"replies":[{"embeddable":true,"href":"https:\/\/fegrama.cat\/web\/wp-json\/wp\/v2\/comments?post=22564"}],"version-history":[{"count":1,"href":"https:\/\/fegrama.cat\/web\/wp-json\/wp\/v2\/posts\/22564\/revisions"}],"predecessor-version":[{"id":22565,"href":"https:\/\/fegrama.cat\/web\/wp-json\/wp\/v2\/posts\/22564\/revisions\/22565"}],"wp:featuredmedia":[{"embeddable":true,"href":"https:\/\/fegrama.cat\/web\/wp-json\/wp\/v2\/media\/13084"}],"wp:attachment":[{"href":"https:\/\/fegrama.cat\/web\/wp-json\/wp\/v2\/media?parent=22564"}],"wp:term":[{"taxonomy":"category","embeddable":true,"href":"https:\/\/fegrama.cat\/web\/wp-json\/wp\/v2\/categories?post=22564"},{"taxonomy":"post_tag","embeddable":true,"href":"https:\/\/fegrama.cat\/web\/wp-json\/wp\/v2\/tags?post=22564"}],"curies":[{"name":"wp","href":"https:\/\/api.w.org\/{rel}","templated":true}]}}