{"id":22558,"date":"2017-12-17T23:57:21","date_gmt":"2017-12-17T22:57:21","guid":{"rendered":"http:\/\/fegrama.cat\/web\/?p=22558"},"modified":"2017-12-17T23:57:21","modified_gmt":"2017-12-17T22:57:21","slug":"resums-dels-equips-alevins-16-i-17-de-desembre","status":"publish","type":"post","link":"https:\/\/fegrama.cat\/web\/resums-dels-equips-alevins-16-i-17-de-desembre\/","title":{"rendered":"Resums dels equips Alevins (16 i 17 de desembre)"},"content":{"rendered":"<p><strong>PB Anguera 3-4 ALEV\u00cd A<\/strong><\/p>\n<p>Partit molt complicat per a la Grama en un camp molt petit, amb molt de joc directe, accions a pilota aturada i pocs espais. Tot i aix\u00ed els colomencs van estar gaireb\u00e9 tot el partit per sobre en el marcador ja que van haver de patir ja que la Anguera va aconseguir remuntar i va obligar a lluitar molt a una Grama que va remuntar i es va endur els tres punts.<\/p>\n<p>Partido muy complicado para la Grama en un campo muy peque\u00f1o, con mucho juego directo, acciones a bal\u00f3n parado y pocos espacios. A\u00fan as\u00ed los colomenses estuvieron casi todo el partido por encima en el marcador ya que tuvieron que sufrir pues la Anguera consigui\u00f3 remontar y oblig\u00f3 a luchar mucho a una Grama que remont\u00f3 y se llev\u00f3 los tres puntos.<\/p>\n<p>[divider]<\/p>\n<p><strong>ALEV\u00cd B 2-2 UB Catalonia<\/strong><\/p>\n<p>Catalonia, tercer classificat empatats a punts amb Horta, va ser un rival molt complicat. Al primer quart despr\u00e9s d&#8217;una molt bona pressi\u00f3 a la seva sortida de pilota provocant la errada del seu central, la Grama va robar la pilota i montat la jugada del 0-1. Al segon quart la Fundaci\u00f3 va tornar a trobar el cam\u00ed del gol a trav\u00e9s d&#8217;un xut a una dist\u00e0ncia m\u00e9s llunyana. Una primera part molt bona, amb molta intensitat que va provocar que l&#8217;equip rival estigu\u00e9s inc\u00f2mode al camp, tot i haver trobat el gol en una jugada a\u00efllada on el jugador es trobava en situaci\u00f3 de fora de joc.<\/p>\n<p>Al tercer quart la Grama va baixar m\u00e9s la intensitat i aix\u00f3 es va notar, van rebre l&#8217;empat a 2 que quedaria al final del partit. Al quart quart, va estar m\u00e9s igualat, per\u00f2 sens gols.<\/p>\n<p>Catalonia, tercer clasificado empatados a puntos con Huerta, fue un rival muy complicado. En el primer cuarto tras una muy buena presi\u00f3n a su salida de bal\u00f3n provocando el error de su central, la Grama rob\u00f3 el bal\u00f3n y montado la jugada del 0-1. En el segundo cuarto la Fundaci\u00f3n volvi\u00f3 a encontrar el camino del gol a trav\u00e9s de un disparo a una distancia m\u00e1s lejana. Una primera parte muy buena, con mucha intensidad que provoc\u00f3 que el equipo rival estuviera inc\u00f3modo en el campo, a pesar de haber encontrado el gol en una jugada aislada donde el jugador se encontraba en situaci\u00f3n de fuera de juego.<\/p>\n<p>En el tercer cuarto la Grama baj\u00f3 m\u00e1s la intensidad y eso se not\u00f3, recibieron el empate a 2 que quedar\u00eda al final del partido. Al cuarto cuarto, estuvo m\u00e1s igualado, pero sin goles.<\/p>\n<p>[divider]<\/p>\n<p>&nbsp;<\/p>\n<p><strong>ALEV\u00cd C 1-4 FP Europa<\/strong><\/p>\n<p>Partit molt competit, primera meitat per als visitants que van marxar al descans 1-2. A la segona meitat hi va haver m\u00e9s igualtat, la Grama es va acostar en el marcador amb un gol de Xavier per\u00f2 en l&#8217;\u00faltim quart va sentenciar el Europa amb dos gols.<\/p>\n<p>Partido muy competido, primera mitad para los visitantes que se marcharon al descanso 1-2. En la segunda mitad hubo m\u00e1s igualdad, la Grama se acerc\u00f3 en el marcador con un gol de Xavier pero en el \u00faltimo cuarto sentenci\u00f3 el Europa con dos goles.<\/p>\n<p>[divider]<\/p>\n<p><strong>ALEV\u00cd D 1-2 Vila Ol\u00edmpica<\/strong><\/p>\n<p>Bon partit de la Fundaci\u00f3 competint fins al final davant el l\u00edder. Primer quart bastant c\u00f2mode per als visitants on es van avan\u00e7ar amb 1 gol aviat. En el segon quart els colomencs van pr\u00e9mer una mica m\u00e9s i aix\u00ed van aconseguir marcar, tot i aix\u00ed la Vila Ol\u00edmpica tamb\u00e9 va marcar. Segona meitat molt lluitada per\u00f2 l&#8217;empat es va resistir.<\/p>\n<p>Buen partido de la Fundaci\u00f3 compitiendo hasta el final ante el l\u00edder. Primer cuarto bastante c\u00f3modo para los visitantes donde se adelantaron con 1 gol pronto. En el segundo cuarto los colomenses apretaron un poco m\u00e1s y as\u00ed consiguieron marcar, a\u00fan as\u00ed la Vila Ol\u00edmpica tambi\u00e9n marc\u00f3. Segunda mitad muy luchada pero el empate se resisti\u00f3.<\/p>\n<p>[divider]<\/p>\n<p><strong>CF Santa Eul\u00e0lia 9-2 ALEV\u00cd E<\/strong><\/p>\n<p>Derrota molt voluminosa davant un rival que no perd des de la primera jornada de lliga. Kevin Bedmar va avan\u00e7ar als colomencs en el primer quart per\u00f2 a poc a poc van ser els locals apoderant-se del joc arribant al descans 4-1 i fins i tot arribant a posar-se 9-1 al marcador. Izan va tancar el partit amb el segon gol visitant.<\/p>\n<p>Derrota muy abultada ante un rival que no pierde desde la primera jornada de liga. Kevin Bedmar adelant\u00f3 a los colomenses en el primer cuarto pero poco a poco fueron los locales apoder\u00e1ndose del juego llegando al descanso 4-1 e incluso llegando a ponerse 9-1 en el marcador. Izan cerr\u00f3 el partido con el segundo gol visitante.<\/p>\n<p>[divider]<\/p>\n<p><strong>J\u00daPITER 9-2 ALEV\u00cd F<\/strong><\/p>\n<p>La Grama es va topar amb el l\u00edder en l&#8217;\u00faltima jornada del 2017. Els colomencs van sortir molt motivats i aix\u00f2 es va poder veure en els dos primers quarts amb m\u00e9s ocasions visitants i molt igualat el xoc. En l&#8217;\u00faltima jugada abans del descans arribar\u00e0 el 0-1 i en la segona meitat la Grama no va aguantar el ritme dels locals.<\/p>\n<p>La Grama se top\u00f3 con el l\u00edder en la \u00faltima jornada del 2017. Los colomenses salieron muy motivados y eso se pudo ver en los dos primeros cuartos con m\u00e1s ocasiones visitantes y muy igualado el choque. En la \u00faltima jugada antes del descanso llegar\u00e1 el 0-1 y en la segunda mitad la Grama no aguant\u00f3 el ritmo de los locales.<\/p>\n<p>[divider]<\/p>\n<p><strong>ALEV\u00cd G 4-5 CCD Tur\u00f3 de la Peira\u00a0<\/strong><\/p>\n<p>Partit molt emocionant i competit, amb molts gols per\u00f2 sempre amb els visitants manant. Es van avan\u00e7ar fins en quatre ocasions (0-1, 1-2, 2-3 i 4-5). Kapcer (1-1) i Adri (2-2) van marcar a la primera meitat i el resultat al descans era de 2-4. A la segona meitat un gol en pr\u00f2pia porta i un Joel va posar el marcador en 4-4. Malauradament a la sortida d&#8217;un c\u00f3rner arribaria el gol de la vict\u00f2ria visitant, els que van marcar tots els gols a pilota parada.<\/p>\n<p>Partido muy emocionante y competido, con muchos goles pero siempre con los visitantes mandando. Se adelantaron hasta en cuatro ocasiones (0-1, 1-2, 2-3 y 4-5). Kapcer (1-1) y Adri (2-2) marcaron en la primera mitad y el resultado al descanso era de 2-4. En la segunda mitad un gol en propia puerta y uno de Joel puso el marcador en 4-4. Desgraciadamente en la salida de un c\u00f3rner llegar\u00eda el gol de la victoria visitante, quienes marcaron todos los goles a bal\u00f3n parado.<\/p>\n","protected":false},"excerpt":{"rendered":"<p>PB Anguera 3-4 ALEV\u00cd A Partit molt complicat per a la Grama en un camp molt petit, amb molt de joc directe, accions a pilota aturada i pocs espais. Tot i aix\u00ed els colomencs van estar gaireb\u00e9 tot el partit per sobre en el marcador ja que van haver de patir ja que la Anguera [&hellip;]<\/p>\n","protected":false},"author":1,"featured_media":9647,"comment_status":"closed","ping_status":"closed","sticky":false,"template":"","format":"standard","meta":{"footnotes":""},"categories":[10,4],"tags":[],"class_list":["post-22558","post","type-post","status-publish","format-standard","has-post-thumbnail","hentry","category-alevins","category-base-inclusiu"],"_links":{"self":[{"href":"https:\/\/fegrama.cat\/web\/wp-json\/wp\/v2\/posts\/22558","targetHints":{"allow":["GET"]}}],"collection":[{"href":"https:\/\/fegrama.cat\/web\/wp-json\/wp\/v2\/posts"}],"about":[{"href":"https:\/\/fegrama.cat\/web\/wp-json\/wp\/v2\/types\/post"}],"author":[{"embeddable":true,"href":"https:\/\/fegrama.cat\/web\/wp-json\/wp\/v2\/users\/1"}],"replies":[{"embeddable":true,"href":"https:\/\/fegrama.cat\/web\/wp-json\/wp\/v2\/comments?post=22558"}],"version-history":[{"count":1,"href":"https:\/\/fegrama.cat\/web\/wp-json\/wp\/v2\/posts\/22558\/revisions"}],"predecessor-version":[{"id":22559,"href":"https:\/\/fegrama.cat\/web\/wp-json\/wp\/v2\/posts\/22558\/revisions\/22559"}],"wp:featuredmedia":[{"embeddable":true,"href":"https:\/\/fegrama.cat\/web\/wp-json\/wp\/v2\/media\/9647"}],"wp:attachment":[{"href":"https:\/\/fegrama.cat\/web\/wp-json\/wp\/v2\/media?parent=22558"}],"wp:term":[{"taxonomy":"category","embeddable":true,"href":"https:\/\/fegrama.cat\/web\/wp-json\/wp\/v2\/categories?post=22558"},{"taxonomy":"post_tag","embeddable":true,"href":"https:\/\/fegrama.cat\/web\/wp-json\/wp\/v2\/tags?post=22558"}],"curies":[{"name":"wp","href":"https:\/\/api.w.org\/{rel}","templated":true}]}}