{"id":22551,"date":"2017-12-16T23:04:46","date_gmt":"2017-12-16T22:04:46","guid":{"rendered":"http:\/\/fegrama.cat\/web\/?p=22551"},"modified":"2017-12-16T23:04:46","modified_gmt":"2017-12-16T22:04:46","slug":"repartiment-de-punts-per-tancar-lany","status":"publish","type":"post","link":"https:\/\/fegrama.cat\/web\/repartiment-de-punts-per-tancar-lany\/","title":{"rendered":"Repartiment de punts per tancar l&#8217;any"},"content":{"rendered":"<p>La <strong>Fundaci\u00f3 Esportiva Grama<\/strong> tanca un gran 2017 <em>(ascens a 1\u00aaCat i l\u00edders de 1cat1)<\/em> amb un empat sense gols davant el <strong>Sant Cugat FC<\/strong>.<\/p>\n<p>La <strong>Grama<\/strong> va comen\u00e7ar el partit amb for\u00e7a, penjant una pilota a l&#8217;\u00e0rea a la recerca del pitxitxi per\u00f2 sense sort en atac. Un bon inici per a una gran primera meitat, 45 minuts dominats pels blaus. El joc dels colomencs va ser bo, amb un <strong>Roberto Morales<\/strong> sacrificant-se molt en defensa i amb <strong>Omar<\/strong> molt actiu. <strong>Crist\u00f3bal<\/strong> va tenir la primera per\u00f2 el porter local va salvar el gol.<\/p>\n<p>El <strong>Sant Cugat<\/strong> es va dedicar a la primera meitat a defensar i buscar el contraatac, sense \u00e8xit a l&#8217;estavellar-se sempre amb la defensa visitant. <strong>Buba<\/strong> amb un xut lluny\u00e0 i Roberto de falta van buscar el gol sense \u00e8xit. Abans del descans va arribar la primera gran oportunitat de l&#8217;equip local, un 1 contra 1 que<strong> Texeira<\/strong> va salvar amb els peus, i el posterior rebuig va marxar als n\u00favols. La resposta de la Grama va ser immediata amb un xut de <strong>Crist\u00f3bal<\/strong> que de nou es topava amb el porter.<\/p>\n<p>Amb<strong> 0-0<\/strong> es va arribar al descans i despr\u00e9s del pas per vestuaris el xoc va canviar, el Sant Cugat va estirar l\u00ednies i als dos minuts de joc van avisar amb una rematada de cap en un c\u00f3rner. El <strong>Sancu<\/strong> va estar millor en els segons 45 minuts, donant sensaci\u00f3 de perill per\u00f2 sense sort en topar-se amb el gran treball defensiu de la Grama.<\/p>\n<p>Al 72 arribaria la millor ocasi\u00f3 dels visitants en la segona meitat, <strong>Crist\u00f3bal<\/strong> es tornaria a trobar amb el porter, i en la seg\u00fcent jugada <strong>Buba<\/strong> amb un defensa. A poc a poc van passar els minuts sense ocasions fins arribar al final amb un just 0-0.<\/p>\n<p style=\"text-align: right;\"><strong><a href=\"http:\/\/fcf.cat\/acta\/1718\/futbol-11\/primera-catalana\/grup-1\/1cat\/sant-cugat-futbol-club-a\/1cat\/fundacio-esportiva-grama-a\">FITXA DEL PARTIT<\/a><\/strong><\/p>\n<p style=\"text-align: right;\"><strong><a href=\"http:\/\/fcf.cat\/classificacio\/1718\/futbol-11\/primera-catalana\/grup-1\">CLASSIFICACI\u00d3<\/a><\/strong><\/p>\n<p><a href=\"http:\/\/fegrama.cat\/web\/wp-content\/uploads\/2017\/10\/P1050881.jpg\"><img loading=\"lazy\" decoding=\"async\" class=\"aligncenter size-large wp-image-21880\" src=\"http:\/\/fegrama.cat\/web\/wp-content\/uploads\/2017\/10\/P1050881-1024x768.jpg\" alt=\"\" width=\"618\" height=\"464\" srcset=\"https:\/\/fegrama.cat\/web\/wp-content\/uploads\/2017\/10\/P1050881-1024x768.jpg 1024w, https:\/\/fegrama.cat\/web\/wp-content\/uploads\/2017\/10\/P1050881-300x225.jpg 300w\" sizes=\"auto, (max-width: 618px) 100vw, 618px\" \/><\/a><\/p>\n<p>La <strong>Fundaci\u00f3 Esportiva Grama<\/strong> cierra un gran 2017<em> (ascenso a 1\u00aaCat y l\u00edderes de 1cat1)<\/em> con un empate sin goles ante el S<strong>ant Cugat FC<\/strong>.<\/p>\n<p>La <strong>Grama<\/strong> empez\u00f3 el partido con fuerza, colgando un bal\u00f3n al \u00e1rea en busca del pichichi pero sin suerte en ataque. Un buen inicio para una gran primera mitad, 45 minutos dominados por los azules. El juego de los colomenses fue bueno, con un <strong>Roberto Morales<\/strong> sacrific\u00e1ndose mucho en defensa y con <strong>Omar<\/strong> muy activo. <strong>Crist\u00f3bal<\/strong> tuvo la primera pero el portero local salv\u00f3 el gol.<\/p>\n<p>El Sant Cugat se dedic\u00f3 en la primera mitad a defender y buscar el contragolpe, sin \u00e9xito al estrellarse siempre con la defensa visitante. <strong>Buba<\/strong> con un disparo lejano y Roberto de falta buscaron el gol sin \u00e9xito. Antes del descanso lleg\u00f3 la primera gran oportunidad del equipo local, un 1 contra 1 que <strong>Texeira<\/strong> salv\u00f3 con los pies, y el posterior rechace se march\u00f3 a las nubes. La respuesta de la Grama fue inmediata con un disparo de Crist\u00f3bal que de nuevo se topaba con el portero.<\/p>\n<p>Con<strong> 0-0<\/strong> se lleg\u00f3 al descanso y tras el paso por vestuarios el choque cambi\u00f3, el <strong>Sant Cugat<\/strong> estir\u00f3 l\u00edneas y a los dos minutos de juego avisaron con un remate de cabeza en un c\u00f3rner. El Sancu estuvo mejor en los segundos 45 minutos, dando sensaci\u00f3n de peligro pero sin suerte al toparse con el gran trabajo defensivo de la Grama.<\/p>\n<p>En el 72 llegar\u00eda la mejor ocasi\u00f3n de los visitantes en la segunda mitad, <strong>Crist\u00f3bal<\/strong> se volver\u00eda a encontrar con el portero, y en la siguiente jugada <strong>Buba<\/strong> con un defensa. Poco a poco pasaron los minutos sin ocasiones hasta llegar al final con un justo 0-0.<\/p>\n","protected":false},"excerpt":{"rendered":"<p>La Fundaci\u00f3 Esportiva Grama tanca un gran 2017 (ascens a 1\u00aaCat i l\u00edders de 1cat1) amb un empat sense gols davant el Sant Cugat FC. La Grama va comen\u00e7ar el partit amb for\u00e7a, penjant una pilota a l&#8217;\u00e0rea a la recerca del pitxitxi per\u00f2 sense sort en atac. Un bon inici per a una gran [&hellip;]<\/p>\n","protected":false},"author":1,"featured_media":21717,"comment_status":"closed","ping_status":"closed","sticky":false,"template":"","format":"standard","meta":{"footnotes":""},"categories":[4,5],"tags":[24,1151,744],"class_list":["post-22551","post","type-post","status-publish","format-standard","has-post-thumbnail","hentry","category-base-inclusiu","category-primer-equip","tag-fundacio-esportiva-grama","tag-primera-catalana","tag-sant-cugat"],"_links":{"self":[{"href":"https:\/\/fegrama.cat\/web\/wp-json\/wp\/v2\/posts\/22551","targetHints":{"allow":["GET"]}}],"collection":[{"href":"https:\/\/fegrama.cat\/web\/wp-json\/wp\/v2\/posts"}],"about":[{"href":"https:\/\/fegrama.cat\/web\/wp-json\/wp\/v2\/types\/post"}],"author":[{"embeddable":true,"href":"https:\/\/fegrama.cat\/web\/wp-json\/wp\/v2\/users\/1"}],"replies":[{"embeddable":true,"href":"https:\/\/fegrama.cat\/web\/wp-json\/wp\/v2\/comments?post=22551"}],"version-history":[{"count":2,"href":"https:\/\/fegrama.cat\/web\/wp-json\/wp\/v2\/posts\/22551\/revisions"}],"predecessor-version":[{"id":22553,"href":"https:\/\/fegrama.cat\/web\/wp-json\/wp\/v2\/posts\/22551\/revisions\/22553"}],"wp:featuredmedia":[{"embeddable":true,"href":"https:\/\/fegrama.cat\/web\/wp-json\/wp\/v2\/media\/21717"}],"wp:attachment":[{"href":"https:\/\/fegrama.cat\/web\/wp-json\/wp\/v2\/media?parent=22551"}],"wp:term":[{"taxonomy":"category","embeddable":true,"href":"https:\/\/fegrama.cat\/web\/wp-json\/wp\/v2\/categories?post=22551"},{"taxonomy":"post_tag","embeddable":true,"href":"https:\/\/fegrama.cat\/web\/wp-json\/wp\/v2\/tags?post=22551"}],"curies":[{"name":"wp","href":"https:\/\/api.w.org\/{rel}","templated":true}]}}