{"id":22546,"date":"2017-12-15T10:47:46","date_gmt":"2017-12-15T09:47:46","guid":{"rendered":"http:\/\/fegrama.cat\/web\/?p=22546"},"modified":"2017-12-15T10:47:46","modified_gmt":"2017-12-15T09:47:46","slug":"gran-duel-de-veterans-per-tancar-lany","status":"publish","type":"post","link":"https:\/\/fegrama.cat\/web\/gran-duel-de-veterans-per-tancar-lany\/","title":{"rendered":"Gran duel de Veterans per tancar l&#8217;any"},"content":{"rendered":"<p>Els nostres Veterans volen seguir la bona din\u00e0mica en lliga que els ha portat a col\u00b7locar-se segons a 1 punt del l\u00edder. Els m\u00e9s grans de la Grama s\u00f3n l&#8217;equip m\u00e9s golejador (53) i el menys golejat (16) de la categoria.<\/p>\n<p style=\"text-align: center;\"><strong>Diumenge a les 08 hores al Municipal de la Grama.<\/strong><\/p>\n<p>El seu pr\u00f2xim rival ser\u00e0 l&#8217;At.Rub\u00ed, quart classificat amb tres punts menys que els colomencs.<\/p>\n<p><a href=\"http:\/\/fegrama.cat\/web\/wp-content\/uploads\/2017\/10\/vet17.jpg\"><img loading=\"lazy\" decoding=\"async\" class=\"aligncenter size-full wp-image-21825\" src=\"http:\/\/fegrama.cat\/web\/wp-content\/uploads\/2017\/10\/vet17.jpg\" alt=\"\" width=\"800\" height=\"760\" srcset=\"https:\/\/fegrama.cat\/web\/wp-content\/uploads\/2017\/10\/vet17.jpg 800w, https:\/\/fegrama.cat\/web\/wp-content\/uploads\/2017\/10\/vet17-300x285.jpg 300w\" sizes=\"auto, (max-width: 800px) 100vw, 800px\" \/><\/a><\/p>\n<p>Nuestros Veteranos quieren seguir la buena din\u00e1mica en liga que les ha llevado a colocarse segundos a 1 punto del l\u00edder. Los m\u00e1s grandes de la Grama son el equipo m\u00e1s goleador (53) y el menos goleado (16) de la categor\u00eda.<\/p>\n<p style=\"text-align: center;\"><strong>El domingo a las 08 horas en el Municipal de la Grama.<\/strong><\/p>\n<p>Su pr\u00f3ximo rival ser\u00e1 el At.Rub\u00ed, cuarto clasificado con tres puntos menos que los colomenses.<\/p>\n","protected":false},"excerpt":{"rendered":"<p>Els nostres Veterans volen seguir la bona din\u00e0mica en lliga que els ha portat a col\u00b7locar-se segons a 1 punt del l\u00edder. Els m\u00e9s grans de la Grama s\u00f3n l&#8217;equip m\u00e9s golejador (53) i el menys golejat (16) de la categoria. Diumenge a les 08 hores al Municipal de la Grama. El seu pr\u00f2xim rival [&hellip;]<\/p>\n","protected":false},"author":1,"featured_media":21825,"comment_status":"closed","ping_status":"closed","sticky":false,"template":"","format":"standard","meta":{"footnotes":""},"categories":[4,751],"tags":[],"class_list":["post-22546","post","type-post","status-publish","format-standard","has-post-thumbnail","hentry","category-base-inclusiu","category-veterans"],"_links":{"self":[{"href":"https:\/\/fegrama.cat\/web\/wp-json\/wp\/v2\/posts\/22546","targetHints":{"allow":["GET"]}}],"collection":[{"href":"https:\/\/fegrama.cat\/web\/wp-json\/wp\/v2\/posts"}],"about":[{"href":"https:\/\/fegrama.cat\/web\/wp-json\/wp\/v2\/types\/post"}],"author":[{"embeddable":true,"href":"https:\/\/fegrama.cat\/web\/wp-json\/wp\/v2\/users\/1"}],"replies":[{"embeddable":true,"href":"https:\/\/fegrama.cat\/web\/wp-json\/wp\/v2\/comments?post=22546"}],"version-history":[{"count":1,"href":"https:\/\/fegrama.cat\/web\/wp-json\/wp\/v2\/posts\/22546\/revisions"}],"predecessor-version":[{"id":22547,"href":"https:\/\/fegrama.cat\/web\/wp-json\/wp\/v2\/posts\/22546\/revisions\/22547"}],"wp:featuredmedia":[{"embeddable":true,"href":"https:\/\/fegrama.cat\/web\/wp-json\/wp\/v2\/media\/21825"}],"wp:attachment":[{"href":"https:\/\/fegrama.cat\/web\/wp-json\/wp\/v2\/media?parent=22546"}],"wp:term":[{"taxonomy":"category","embeddable":true,"href":"https:\/\/fegrama.cat\/web\/wp-json\/wp\/v2\/categories?post=22546"},{"taxonomy":"post_tag","embeddable":true,"href":"https:\/\/fegrama.cat\/web\/wp-json\/wp\/v2\/tags?post=22546"}],"curies":[{"name":"wp","href":"https:\/\/api.w.org\/{rel}","templated":true}]}}