{"id":22544,"date":"2017-12-15T10:43:01","date_gmt":"2017-12-15T09:43:01","guid":{"rendered":"http:\/\/fegrama.cat\/web\/?p=22544"},"modified":"2017-12-15T10:43:01","modified_gmt":"2017-12-15T09:43:01","slug":"a-tancar-lany-amb-victoria","status":"publish","type":"post","link":"https:\/\/fegrama.cat\/web\/a-tancar-lany-amb-victoria\/","title":{"rendered":"A tancar l&#8217;any amb vict\u00f2ria"},"content":{"rendered":"<p>L&#8217;equip de Jos\u00e9 Antonio Garc\u00eda Escribano tanca 2017 jugant com a visitant. Els colomencs buscaran la setena vict\u00f2ria consecutiva per seguir forts en primera posici\u00f3 i intentar distanciar-se m\u00e9s dels seus perseguidors.<\/p>\n<p style=\"text-align: center;\"><strong>Dissabte a les 18:10 hores a la Zona Esportiva Municipal Jaume Tubau.<\/strong><\/p>\n<p>El seu rival ser\u00e0 el Sant Cugat FC, 15\u00e8 de la lliga amb un punt d&#8217;avantatge sobre el pen\u00faltim classificat.<\/p>\n<p><a href=\"http:\/\/fegrama.cat\/web\/wp-content\/uploads\/2017\/10\/11fegsjamont.jpg\"><img loading=\"lazy\" decoding=\"async\" class=\"aligncenter size-full wp-image-21778\" src=\"http:\/\/fegrama.cat\/web\/wp-content\/uploads\/2017\/10\/11fegsjamont.jpg\" alt=\"\" width=\"800\" height=\"600\" srcset=\"https:\/\/fegrama.cat\/web\/wp-content\/uploads\/2017\/10\/11fegsjamont.jpg 800w, https:\/\/fegrama.cat\/web\/wp-content\/uploads\/2017\/10\/11fegsjamont-300x225.jpg 300w\" sizes=\"auto, (max-width: 800px) 100vw, 800px\" \/><\/a><\/p>\n<p>El equipo de Jos\u00e9 Antonio Garc\u00eda Escribano cierra 2017 jugando como visitante. Los colomenses buscar\u00e1n la s\u00e9ptima victoria consecutiva para seguir fuertes en primera posici\u00f3n e intentar distanciarse m\u00e1s de sus perseguidores.<\/p>\n<p style=\"text-align: center;\"><strong>El s\u00e1bado a las 18:10 horas en la Zona Esportiva Municipal Jaume Tubau.<\/strong><\/p>\n<p>Su rival ser\u00e1 el Sant Cugat FC, 15\u00ba de la liga con un punto de ventaja sobre el pen\u00faltimo clasificado.<\/p>\n","protected":false},"excerpt":{"rendered":"<p>L&#8217;equip de Jos\u00e9 Antonio Garc\u00eda Escribano tanca 2017 jugant com a visitant. Els colomencs buscaran la setena vict\u00f2ria consecutiva per seguir forts en primera posici\u00f3 i intentar distanciar-se m\u00e9s dels seus perseguidors. Dissabte a les 18:10 hores a la Zona Esportiva Municipal Jaume Tubau. El seu rival ser\u00e0 el Sant Cugat FC, 15\u00e8 de la [&hellip;]<\/p>\n","protected":false},"author":1,"featured_media":21778,"comment_status":"closed","ping_status":"closed","sticky":false,"template":"","format":"standard","meta":{"footnotes":""},"categories":[4,5],"tags":[24,1151,744],"class_list":["post-22544","post","type-post","status-publish","format-standard","has-post-thumbnail","hentry","category-base-inclusiu","category-primer-equip","tag-fundacio-esportiva-grama","tag-primera-catalana","tag-sant-cugat"],"_links":{"self":[{"href":"https:\/\/fegrama.cat\/web\/wp-json\/wp\/v2\/posts\/22544","targetHints":{"allow":["GET"]}}],"collection":[{"href":"https:\/\/fegrama.cat\/web\/wp-json\/wp\/v2\/posts"}],"about":[{"href":"https:\/\/fegrama.cat\/web\/wp-json\/wp\/v2\/types\/post"}],"author":[{"embeddable":true,"href":"https:\/\/fegrama.cat\/web\/wp-json\/wp\/v2\/users\/1"}],"replies":[{"embeddable":true,"href":"https:\/\/fegrama.cat\/web\/wp-json\/wp\/v2\/comments?post=22544"}],"version-history":[{"count":1,"href":"https:\/\/fegrama.cat\/web\/wp-json\/wp\/v2\/posts\/22544\/revisions"}],"predecessor-version":[{"id":22545,"href":"https:\/\/fegrama.cat\/web\/wp-json\/wp\/v2\/posts\/22544\/revisions\/22545"}],"wp:featuredmedia":[{"embeddable":true,"href":"https:\/\/fegrama.cat\/web\/wp-json\/wp\/v2\/media\/21778"}],"wp:attachment":[{"href":"https:\/\/fegrama.cat\/web\/wp-json\/wp\/v2\/media?parent=22544"}],"wp:term":[{"taxonomy":"category","embeddable":true,"href":"https:\/\/fegrama.cat\/web\/wp-json\/wp\/v2\/categories?post=22544"},{"taxonomy":"post_tag","embeddable":true,"href":"https:\/\/fegrama.cat\/web\/wp-json\/wp\/v2\/tags?post=22544"}],"curies":[{"name":"wp","href":"https:\/\/api.w.org\/{rel}","templated":true}]}}