{"id":22515,"date":"2017-11-20T10:20:58","date_gmt":"2017-11-20T09:20:58","guid":{"rendered":"http:\/\/fegrama.cat\/web\/?p=22515"},"modified":"2017-11-20T10:20:58","modified_gmt":"2017-11-20T09:20:58","slug":"derrota-del-futsal-grama-a-casa","status":"publish","type":"post","link":"https:\/\/fegrama.cat\/web\/derrota-del-futsal-grama-a-casa\/","title":{"rendered":"Derrota del Futsal Grama a casa"},"content":{"rendered":"<p>El Futsal Grama va caure derrotat a casa 2-5 davant l&#8217;Estel Vallseca.<\/p>\n<p>Els visitants van sortir molt m\u00e9s ficats en el partit i als dos minuts haurien el marcador. La Fundaci\u00f3 va reaccionar i va empatar als quatre minuts, per\u00f2 Estel Vallseca continuava estant millor plantat al camp durant tota la primera meitat, al final del qual es va arribar amb el resultat de 1-4.<br \/>\nA la segona meitat la Grama va sortir conscienciada que havia d&#8217;arriscar m\u00e9s, per\u00f2 tots els atacs s&#8217;estavellaven contra el porter visitant. Aquests aprofitaven per posar el cinqu\u00e8 gol al marcador. D&#8217;aqu\u00ed al final la Grama ho va seguir intentant per\u00f2 nom\u00e9s va aconseguir batre un cop la meta rival.<\/p>\n<p>La Fundaci\u00f3 perd justament un partit que d&#8217;haver guanyat li hagu\u00e9s al\u00e7at a la segona posici\u00f3.<\/p>\n<p><a href=\"http:\/\/fegrama.cat\/web\/wp-content\/uploads\/2017\/09\/futsal1718.jpg\"><img loading=\"lazy\" decoding=\"async\" class=\"aligncenter size-full wp-image-21642\" alt=\"futsal1718\" src=\"http:\/\/fegrama.cat\/web\/wp-content\/uploads\/2017\/09\/futsal1718.jpg\" width=\"960\" height=\"540\" srcset=\"https:\/\/fegrama.cat\/web\/wp-content\/uploads\/2017\/09\/futsal1718.jpg 960w, https:\/\/fegrama.cat\/web\/wp-content\/uploads\/2017\/09\/futsal1718-300x168.jpg 300w\" sizes=\"auto, (max-width: 960px) 100vw, 960px\" \/><\/a><\/p>\n<p>El Futsal Grama cay\u00f3 derrotado en casa 2-5 ante el Estel Vallseca.<\/p>\n<p>Los visitantes salieron mucho mas metidos en el partido y a los dos minutos habr\u00edan el marcador. La Fundaci\u00f3 reaccion\u00f3 y empat\u00f3 a los cuatro minutos, pero Estel Vallseca continuaba estando mejor plantado en el campo durante toda la primera mitad, al final de la cual se lleg\u00f3 con el resultado de 1-4.<\/p>\n<p>En la segunda mitad la Grama sali\u00f3 concienciada de que deb\u00eda arriesgar m\u00e1s, pero todos los ataques se estrellaban contra el portero visitante. Estos aprovechaban para poner el quinto gol en el marcador. De ah\u00ed al final la Grama lo sigui\u00f3 intentando pero solo consigui\u00f3 batir una vez la meta rival.<\/p>\n<p>La Fundaci\u00f3 pierde justamente un partido que de haber ganado le hubiera alzado a la segunda posici\u00f3n.<\/p>\n","protected":false},"excerpt":{"rendered":"<p>El Futsal Grama va caure derrotat a casa 2-5 davant l&#8217;Estel Vallseca. Els visitants van sortir molt m\u00e9s ficats en el partit i als dos minuts haurien el marcador. La Fundaci\u00f3 va reaccionar i va empatar als quatre minuts, per\u00f2 Estel Vallseca continuava estant millor plantat al camp durant tota la primera meitat, al final [&hellip;]<\/p>\n","protected":false},"author":1,"featured_media":21642,"comment_status":"closed","ping_status":"closed","sticky":false,"template":"","format":"standard","meta":{"footnotes":""},"categories":[4,1106],"tags":[],"class_list":["post-22515","post","type-post","status-publish","format-standard","has-post-thumbnail","hentry","category-base-inclusiu","category-futbol-sala-2"],"_links":{"self":[{"href":"https:\/\/fegrama.cat\/web\/wp-json\/wp\/v2\/posts\/22515","targetHints":{"allow":["GET"]}}],"collection":[{"href":"https:\/\/fegrama.cat\/web\/wp-json\/wp\/v2\/posts"}],"about":[{"href":"https:\/\/fegrama.cat\/web\/wp-json\/wp\/v2\/types\/post"}],"author":[{"embeddable":true,"href":"https:\/\/fegrama.cat\/web\/wp-json\/wp\/v2\/users\/1"}],"replies":[{"embeddable":true,"href":"https:\/\/fegrama.cat\/web\/wp-json\/wp\/v2\/comments?post=22515"}],"version-history":[{"count":1,"href":"https:\/\/fegrama.cat\/web\/wp-json\/wp\/v2\/posts\/22515\/revisions"}],"predecessor-version":[{"id":22516,"href":"https:\/\/fegrama.cat\/web\/wp-json\/wp\/v2\/posts\/22515\/revisions\/22516"}],"wp:featuredmedia":[{"embeddable":true,"href":"https:\/\/fegrama.cat\/web\/wp-json\/wp\/v2\/media\/21642"}],"wp:attachment":[{"href":"https:\/\/fegrama.cat\/web\/wp-json\/wp\/v2\/media?parent=22515"}],"wp:term":[{"taxonomy":"category","embeddable":true,"href":"https:\/\/fegrama.cat\/web\/wp-json\/wp\/v2\/categories?post=22515"},{"taxonomy":"post_tag","embeddable":true,"href":"https:\/\/fegrama.cat\/web\/wp-json\/wp\/v2\/tags?post=22515"}],"curies":[{"name":"wp","href":"https:\/\/api.w.org\/{rel}","templated":true}]}}