{"id":22511,"date":"2017-11-19T23:44:40","date_gmt":"2017-11-19T22:44:40","guid":{"rendered":"http:\/\/fegrama.cat\/web\/?p=22511"},"modified":"2017-11-19T23:44:40","modified_gmt":"2017-11-19T22:44:40","slug":"derrota-molt-dura-del-juvenil-cadet-a","status":"publish","type":"post","link":"https:\/\/fegrama.cat\/web\/derrota-molt-dura-del-juvenil-cadet-a\/","title":{"rendered":"Derrota molt dura del Juvenil-Cadet A"},"content":{"rendered":"<p>El Juvenil-Cadet A va caure derrotar 5-0 davant el CD Sant Gabriel B.<\/p>\n<p>El Sangra va ser superior en posicionament i intensitat a la Grama, a les locals els va sortir absolutament tot b\u00e9 jugant a la vora de l&#8217;reglamenti, molt dures, el que va fer que les colomenques no poguessin entrar al partit ni se sentissin c\u00f2modes. La vict\u00f2ria de les de Sant Adri\u00e0 va ser merescuda.<\/p>\n<p>David Go\u00f1i: \u00abCulpa absolutament meva del inici de l&#8217;equip. He anat en contra dels meus ideals i he volgut canviar un sistema per tal \u00fanic de centrar-me en el rival, quan hauria d&#8217;haver estat fidel al nostre sistema i haver plantejat la setmana per millorar nostre estil, no adaptar-lo al rival.\u00bb<\/p>\n<p><a href=\"http:\/\/fegrama.cat\/web\/wp-content\/uploads\/2017\/10\/juvcadA1718.jpg\"><img loading=\"lazy\" decoding=\"async\" class=\"aligncenter\" alt=\"juvcadA1718\" src=\"http:\/\/fegrama.cat\/web\/wp-content\/uploads\/2017\/10\/juvcadA1718-1024x768.jpg\" width=\"618\" height=\"463\" \/><\/a><\/p>\n<p>El Juvenil-Cadete A cay\u00f3 derroto 5-0 ante el CD Sant Gabriel B.<\/p>\n<p>El Sangra fue superior en posicionamiento e intensidad a la Grama, a las locales les sali\u00f3 absolutamente todo bien jugando al borde del reglamente, muy duras, lo que hizo que las colomenses no pudieran entrar en el partido ni se sintieran c\u00f3modas. La victoria de las de Sant Adri\u00e0 fue merecida.<\/p>\n<p>David Go\u00f1i: \u00abCulpa absolutamente m\u00eda del inicio del equipo. He ido en contra de mis ideales y he querido cambiar un sistema con el fin \u00fanico de centrarme en el rival, cuando deber\u00eda haber sido fiel a nuestro sistema y haber planteado la semana para mejorar nuestro estilo, no adaptarlo al rival.\u00bb<\/p>\n","protected":false},"excerpt":{"rendered":"<p>El Juvenil-Cadet A va caure derrotar 5-0 davant el CD Sant Gabriel B. El Sangra va ser superior en posicionament i intensitat a la Grama, a les locals els va sortir absolutament tot b\u00e9 jugant a la vora de l&#8217;reglamenti, molt dures, el que va fer que les colomenques no poguessin entrar al partit ni [&hellip;]<\/p>\n","protected":false},"author":1,"featured_media":22149,"comment_status":"closed","ping_status":"closed","sticky":false,"template":"","format":"standard","meta":{"footnotes":""},"categories":[4,13],"tags":[],"class_list":["post-22511","post","type-post","status-publish","format-standard","has-post-thumbnail","hentry","category-base-inclusiu","category-femeni"],"_links":{"self":[{"href":"https:\/\/fegrama.cat\/web\/wp-json\/wp\/v2\/posts\/22511","targetHints":{"allow":["GET"]}}],"collection":[{"href":"https:\/\/fegrama.cat\/web\/wp-json\/wp\/v2\/posts"}],"about":[{"href":"https:\/\/fegrama.cat\/web\/wp-json\/wp\/v2\/types\/post"}],"author":[{"embeddable":true,"href":"https:\/\/fegrama.cat\/web\/wp-json\/wp\/v2\/users\/1"}],"replies":[{"embeddable":true,"href":"https:\/\/fegrama.cat\/web\/wp-json\/wp\/v2\/comments?post=22511"}],"version-history":[{"count":1,"href":"https:\/\/fegrama.cat\/web\/wp-json\/wp\/v2\/posts\/22511\/revisions"}],"predecessor-version":[{"id":22512,"href":"https:\/\/fegrama.cat\/web\/wp-json\/wp\/v2\/posts\/22511\/revisions\/22512"}],"wp:featuredmedia":[{"embeddable":true,"href":"https:\/\/fegrama.cat\/web\/wp-json\/wp\/v2\/media\/22149"}],"wp:attachment":[{"href":"https:\/\/fegrama.cat\/web\/wp-json\/wp\/v2\/media?parent=22511"}],"wp:term":[{"taxonomy":"category","embeddable":true,"href":"https:\/\/fegrama.cat\/web\/wp-json\/wp\/v2\/categories?post=22511"},{"taxonomy":"post_tag","embeddable":true,"href":"https:\/\/fegrama.cat\/web\/wp-json\/wp\/v2\/tags?post=22511"}],"curies":[{"name":"wp","href":"https:\/\/api.w.org\/{rel}","templated":true}]}}