{"id":22497,"date":"2017-11-19T22:20:35","date_gmt":"2017-11-19T21:20:35","guid":{"rendered":"http:\/\/fegrama.cat\/web\/?p=22497"},"modified":"2017-11-19T22:20:35","modified_gmt":"2017-11-19T21:20:35","slug":"resums-dels-equips-benjamins-18-i-19-de-novembre","status":"publish","type":"post","link":"https:\/\/fegrama.cat\/web\/resums-dels-equips-benjamins-18-i-19-de-novembre\/","title":{"rendered":"Resums dels equips Benjamins (18 i 19 de novembre)"},"content":{"rendered":"<p><strong>CF Igualada C 2-1 BENJAM\u00cd B<\/strong><\/p>\n<p>L&#8217;equip de Toni S\u00e1nchez no va poder treure res positiu de la seva visita a l&#8217;Estadi Les Comes. Partit molt competit per ambd\u00f3s conjunts, Jos\u00e9 Antonio va marcar per a la Grama per\u00f2 la vict\u00f2ria es va decantar del costat local en un contraatac.<\/p>\n<p>El equipo de Toni S\u00e1nchez no pudo sacar nada positivo de su visita al Estadi Les Comes. Partido muy competido por ambos conjuntos, Jos\u00e9 Antonio marc\u00f3 para la Grama pero la victoria se decant\u00f3 del lado local en un contraataque.<\/p>\n<div>[divider]<\/div>\n<p><strong>BENJAM\u00cd D 5-2 Tecnofutbol C<\/strong><\/p>\n<p>Cheongyong en una gran jugada va obrir el marcador per a la Grama. Samuel en una jugada personal va marcar el segon i l&#8217;equip visitant va retallar difer\u00e8ncies en el tram final de la primera part. A la segona meitat no hi va haver m\u00e9s color que el blau de la Fundaci\u00f3. Samuel en dues ocasions i Izan van augmentar el marcador a un 5-1. El resultat va ser maquillat amb un gol en l&#8217;\u00faltim minut per part de l&#8217;equip visitant.<\/p>\n<p>Cheongyong en una gran jugada abri\u00f3 el marcador para la Grama. Samuel en una jugada personal marc\u00f3 el segundo y el equipo visitante recort\u00f3 diferencias en el tramo final de la primera parte. En la segunda mitad no hubo mas color que el azul de la Fundaci\u00f3. Samuel en dos ocasiones e Izan aumentaron el marcador a un 5-1. El resultado fue maquillado con un gol en el \u00faltimo minuto por parte del equipo visitante.<\/p>\n<div>[divider]<\/div>\n<div>\n<p><strong>BENJAM\u00cd E 4-5 AE La Salut Pere Gol D<\/strong><\/p>\n<p>Partit molt emocionant i igualat a Les Oliveres que s&#8217;acabaria portant l&#8217;equip de Badalona. Tots dos equips van sumar moltes ocasions de gol i qualsevol dels dos van poder endur-se els tres punts.<\/p>\n<p>Partido muy emocionante e igualado en Les Oliveres que se acabar\u00eda llevando el equipo de Badalona. Ambos equipos sumaron muchas ocasiones de gol y cualquiera de los dos pudieron llevarse los tres puntos.<\/p>\n<div>\u00a0[divider]<\/div>\n<p><strong>FC Can Buxeres 4-3 BENJAM\u00cd F<\/strong><\/p>\n<\/div>\n<p>Va comen\u00e7ar molt fort la Grama amb un munt d&#8217;ocasions i marxant al descans guanyant 0-2. Segona meitat totalment diferent, els colomencs es van relaxar i els locals van empatar en el tercer quart. En l&#8217;\u00faltim la Grama va tornar a posar-se per davant en el marcador per\u00f2 en tres minuts el Can Buxeres li va donar la volta al marcador.<\/p>\n<p>Empez\u00f3 muy fuerte la Grama con un mont\u00f3n de ocasiones y marchando al descanso ganando 0-2. Segunda mitad totalmente diferente, los colomenses se relajaron y los locales empataron en el tercer cuarto. En el \u00faltimo la Grama volvi\u00f3 a ponerse por delante en el marcador pero en tres minutos el Can Buxeres le dio la vuelta al marcador.<\/p>\n<div>\u00a0[divider]<\/div>\n<div><\/div>\n<div><strong>Young Talent Badalona Sud 6-1 BENJAM\u00cd G<\/strong><\/div>\n<p>L&#8217;equip de Badalona va ser molt superior als colomencs. El conjunt visitant ho va intentar i va lluitar per\u00f2 sense cap sort.<\/p>\n<p>El equipo de Badalona fue muy superior a los colomenses. El conjunto visitante lo intent\u00f3 y luch\u00f3 pero sin ninguna suerte.<\/p>\n","protected":false},"excerpt":{"rendered":"<p>CF Igualada C 2-1 BENJAM\u00cd B L&#8217;equip de Toni S\u00e1nchez no va poder treure res positiu de la seva visita a l&#8217;Estadi Les Comes. Partit molt competit per ambd\u00f3s conjunts, Jos\u00e9 Antonio va marcar per a la Grama per\u00f2 la vict\u00f2ria es va decantar del costat local en un contraatac. El equipo de Toni S\u00e1nchez [&hellip;]<\/p>\n","protected":false},"author":1,"featured_media":5908,"comment_status":"closed","ping_status":"closed","sticky":false,"template":"","format":"standard","meta":{"footnotes":""},"categories":[4,11],"tags":[],"class_list":["post-22497","post","type-post","status-publish","format-standard","has-post-thumbnail","hentry","category-base-inclusiu","category-benjamins"],"_links":{"self":[{"href":"https:\/\/fegrama.cat\/web\/wp-json\/wp\/v2\/posts\/22497","targetHints":{"allow":["GET"]}}],"collection":[{"href":"https:\/\/fegrama.cat\/web\/wp-json\/wp\/v2\/posts"}],"about":[{"href":"https:\/\/fegrama.cat\/web\/wp-json\/wp\/v2\/types\/post"}],"author":[{"embeddable":true,"href":"https:\/\/fegrama.cat\/web\/wp-json\/wp\/v2\/users\/1"}],"replies":[{"embeddable":true,"href":"https:\/\/fegrama.cat\/web\/wp-json\/wp\/v2\/comments?post=22497"}],"version-history":[{"count":2,"href":"https:\/\/fegrama.cat\/web\/wp-json\/wp\/v2\/posts\/22497\/revisions"}],"predecessor-version":[{"id":22499,"href":"https:\/\/fegrama.cat\/web\/wp-json\/wp\/v2\/posts\/22497\/revisions\/22499"}],"wp:featuredmedia":[{"embeddable":true,"href":"https:\/\/fegrama.cat\/web\/wp-json\/wp\/v2\/media\/5908"}],"wp:attachment":[{"href":"https:\/\/fegrama.cat\/web\/wp-json\/wp\/v2\/media?parent=22497"}],"wp:term":[{"taxonomy":"category","embeddable":true,"href":"https:\/\/fegrama.cat\/web\/wp-json\/wp\/v2\/categories?post=22497"},{"taxonomy":"post_tag","embeddable":true,"href":"https:\/\/fegrama.cat\/web\/wp-json\/wp\/v2\/tags?post=22497"}],"curies":[{"name":"wp","href":"https:\/\/api.w.org\/{rel}","templated":true}]}}