{"id":22458,"date":"2017-11-17T18:26:04","date_gmt":"2017-11-17T17:26:04","guid":{"rendered":"http:\/\/fegrama.cat\/web\/?p=22458"},"modified":"2017-11-17T18:26:04","modified_gmt":"2017-11-17T17:26:04","slug":"marti-tapia-reforc-defensiu","status":"publish","type":"post","link":"https:\/\/fegrama.cat\/web\/marti-tapia-reforc-defensiu\/","title":{"rendered":"Mart\u00ed Tapia, refor\u00e7 defensiu"},"content":{"rendered":"<p><strong><a href=\"http:\/\/fegrama.cat\/web\/wp-content\/uploads\/2017\/11\/martitapia2.jpg\"><img loading=\"lazy\" decoding=\"async\" class=\"alignleft size-thumbnail wp-image-22461\" alt=\"martitapia2\" src=\"http:\/\/fegrama.cat\/web\/wp-content\/uploads\/2017\/11\/martitapia2-150x150.jpg\" width=\"150\" height=\"150\" \/><\/a>Mart\u00ed Tapia Palacio<\/strong> <em>(18\/05\/1993, Barcelona)<\/em> arriba a la <strong>Fundaci\u00f3 Esportiva Grama<\/strong> per refor\u00e7ar la part defensiva del conjunt de Garc\u00eda Escribano. Es tracta d&#8217;un central jove i amb molta experi\u00e8ncia.<\/p>\n<p>Un jugador de 24 anys que t\u00e9 recorregut per <strong>Segona Divisi\u00f3 B<\/strong>. Es va formar en les categories inferiors del Cornell\u00e0, i la seva etapa com a juvenil va tenir dos equips: Reial Saragossa i UE Cornell\u00e0. El seu primer any en la categoria de bronze del futbol espanyol la va passar al Sevilla B. Els seus seg\u00fcents equips van ser la UE Cornell\u00e0 i la UE Sant Andreu, tots dos a Segona B.<\/p>\n<p>Defensa polivalent que pot jugar tant de central com de lateral.<\/p>\n<p><a href=\"http:\/\/fegrama.cat\/web\/wp-content\/uploads\/2017\/11\/martitapia.jpg\"><img loading=\"lazy\" decoding=\"async\" class=\"aligncenter size-full wp-image-22460\" alt=\"martitapia\" src=\"http:\/\/fegrama.cat\/web\/wp-content\/uploads\/2017\/11\/martitapia.jpg\" width=\"849\" height=\"637\" \/><\/a><\/p>\n<p><strong>Mart\u00ed Tapia Palacio<\/strong>\u00a0<em>(18\/05\/1993, Barcelona)<\/em>\u00a0llega a la\u00a0<strong>Fundaci\u00f3 Esportiva Grama<\/strong>\u00a0para reforzar la parte defensiva del conjunto de Garc\u00eda Escribano. Se trata de un central joven y con mucha experiencia.<\/p>\n<p>Un jugador de 24 a\u00f1os que tiene recorrido por <strong>Segunda Divisi\u00f3n B<\/strong>. Se form\u00f3 en las categor\u00edas inferiores del Cornell\u00e0, y su etapa como juvenil tuvo dos equipos: Real Zaragoza y UE Cornell\u00e0. Su primer a\u00f1o en la categor\u00eda de bronce del f\u00fatbol espa\u00f1ol la pas\u00f3 en el Sevilla B. Sus siguientes equipos fueron la UE Cornell\u00e0 y la UE Sant Andreu, ambos en Segunda B.<\/p>\n<p>Defensa polivalente que puede jugar tanto de central como de lateral.<\/p>\n","protected":false},"excerpt":{"rendered":"<p>Mart\u00ed Tapia Palacio (18\/05\/1993, Barcelona) arriba a la Fundaci\u00f3 Esportiva Grama per refor\u00e7ar la part defensiva del conjunt de Garc\u00eda Escribano. Es tracta d&#8217;un central jove i amb molta experi\u00e8ncia. Un jugador de 24 anys que t\u00e9 recorregut per Segona Divisi\u00f3 B. Es va formar en les categories inferiors del Cornell\u00e0, i la seva etapa [&hellip;]<\/p>\n","protected":false},"author":1,"featured_media":0,"comment_status":"closed","ping_status":"closed","sticky":false,"template":"","format":"standard","meta":{"footnotes":""},"categories":[4,5],"tags":[],"class_list":["post-22458","post","type-post","status-publish","format-standard","hentry","category-base-inclusiu","category-primer-equip"],"_links":{"self":[{"href":"https:\/\/fegrama.cat\/web\/wp-json\/wp\/v2\/posts\/22458","targetHints":{"allow":["GET"]}}],"collection":[{"href":"https:\/\/fegrama.cat\/web\/wp-json\/wp\/v2\/posts"}],"about":[{"href":"https:\/\/fegrama.cat\/web\/wp-json\/wp\/v2\/types\/post"}],"author":[{"embeddable":true,"href":"https:\/\/fegrama.cat\/web\/wp-json\/wp\/v2\/users\/1"}],"replies":[{"embeddable":true,"href":"https:\/\/fegrama.cat\/web\/wp-json\/wp\/v2\/comments?post=22458"}],"version-history":[{"count":1,"href":"https:\/\/fegrama.cat\/web\/wp-json\/wp\/v2\/posts\/22458\/revisions"}],"predecessor-version":[{"id":22462,"href":"https:\/\/fegrama.cat\/web\/wp-json\/wp\/v2\/posts\/22458\/revisions\/22462"}],"wp:attachment":[{"href":"https:\/\/fegrama.cat\/web\/wp-json\/wp\/v2\/media?parent=22458"}],"wp:term":[{"taxonomy":"category","embeddable":true,"href":"https:\/\/fegrama.cat\/web\/wp-json\/wp\/v2\/categories?post=22458"},{"taxonomy":"post_tag","embeddable":true,"href":"https:\/\/fegrama.cat\/web\/wp-json\/wp\/v2\/tags?post=22458"}],"curies":[{"name":"wp","href":"https:\/\/api.w.org\/{rel}","templated":true}]}}