{"id":22452,"date":"2017-11-17T10:33:37","date_gmt":"2017-11-17T09:33:37","guid":{"rendered":"http:\/\/fegrama.cat\/web\/?p=22452"},"modified":"2017-11-17T10:33:57","modified_gmt":"2017-11-17T09:33:57","slug":"previes-dels-equips-prebenjamins-18-de-novembre","status":"publish","type":"post","link":"https:\/\/fegrama.cat\/web\/previes-dels-equips-prebenjamins-18-de-novembre\/","title":{"rendered":"Pr\u00e8vies dels equips Prebenjamins (18 de novembre)"},"content":{"rendered":"<p><strong>PREBENJAM\u00cd A<\/strong><\/p>\n<p>Els nois d\u2019Enric Ginesta tenen partit el dissabte a les 11:30 hores a Les Oliveres davant el CE PB Barcino.<\/p>\n<p>Los chicos de Enric Ginesta tienen partido el s\u00e1bado a las 11:30 horas en Les Oliveres ante el CE PB Barcino.<\/p>\n<div>[divider]<\/div>\n<p><strong>PREBENJAM\u00cd B<\/strong><\/p>\n<p>L\u2019equip d\u2019\u00c1lex Jim\u00e9nez juga dissabte a les 11:15 hores a Badalona contra l&#8217;AE La Salut Pere Gol B.<\/p>\n<p>El equipo de \u00c1lex Jim\u00e9nez juega el s\u00e1bado a las 11:15 horas en Badalona contra la AE La Salut Pere Gol B.<\/p>\n<div>[divider]<\/div>\n<p><strong>PREBENJAM\u00cd C<\/strong><\/p>\n<p>L\u2019equip dirigit per Jos\u00e9 Fortea t\u00e9 partit a Barcelona dissabte a les 11 hores davant l&#8217;EE Guineueta B.<\/p>\n<p>El equipo dirigido por Jos\u00e9 Fortea tiene partido en Barcelona el s\u00e1bado a las 11 horas ante la EE Guineueta B.<\/p>\n<div>\u00a0[divider]<\/div>\n<p><strong>PREBENJAM\u00cd D<\/strong><\/p>\n<p>Els nois de Luis Manuel Heredia juguen aL Municipal Menorca-St.Mart\u00ed Proven\u00e7als dissabte a les 11:30 hores davant la PB Barcino D.<\/p>\n<p>Los chicos de Luis Manuel Heredia\u00a0juegan en el Municipal Menorca-St.Mart\u00ed Proven\u00e7als el s\u00e1bado a las 11:30 horas ante la PB Barcino D.<\/p>\n","protected":false},"excerpt":{"rendered":"<p>PREBENJAM\u00cd A Els nois d\u2019Enric Ginesta tenen partit el dissabte a les 11:30 hores a Les Oliveres davant el CE PB Barcino. Los chicos de Enric Ginesta tienen partido el s\u00e1bado a las 11:30 horas en Les Oliveres ante el CE PB Barcino. [divider] PREBENJAM\u00cd B L\u2019equip d\u2019\u00c1lex Jim\u00e9nez juga dissabte a les 11:15 hores [&hellip;]<\/p>\n","protected":false},"author":1,"featured_media":0,"comment_status":"closed","ping_status":"closed","sticky":false,"template":"","format":"standard","meta":{"footnotes":""},"categories":[4,12],"tags":[],"class_list":["post-22452","post","type-post","status-publish","format-standard","hentry","category-base-inclusiu","category-prebenjamins"],"_links":{"self":[{"href":"https:\/\/fegrama.cat\/web\/wp-json\/wp\/v2\/posts\/22452","targetHints":{"allow":["GET"]}}],"collection":[{"href":"https:\/\/fegrama.cat\/web\/wp-json\/wp\/v2\/posts"}],"about":[{"href":"https:\/\/fegrama.cat\/web\/wp-json\/wp\/v2\/types\/post"}],"author":[{"embeddable":true,"href":"https:\/\/fegrama.cat\/web\/wp-json\/wp\/v2\/users\/1"}],"replies":[{"embeddable":true,"href":"https:\/\/fegrama.cat\/web\/wp-json\/wp\/v2\/comments?post=22452"}],"version-history":[{"count":2,"href":"https:\/\/fegrama.cat\/web\/wp-json\/wp\/v2\/posts\/22452\/revisions"}],"predecessor-version":[{"id":22454,"href":"https:\/\/fegrama.cat\/web\/wp-json\/wp\/v2\/posts\/22452\/revisions\/22454"}],"wp:attachment":[{"href":"https:\/\/fegrama.cat\/web\/wp-json\/wp\/v2\/media?parent=22452"}],"wp:term":[{"taxonomy":"category","embeddable":true,"href":"https:\/\/fegrama.cat\/web\/wp-json\/wp\/v2\/categories?post=22452"},{"taxonomy":"post_tag","embeddable":true,"href":"https:\/\/fegrama.cat\/web\/wp-json\/wp\/v2\/tags?post=22452"}],"curies":[{"name":"wp","href":"https:\/\/api.w.org\/{rel}","templated":true}]}}